{"id":777,"date":"2017-04-20T13:53:41","date_gmt":"2017-04-20T11:53:41","guid":{"rendered":"https:\/\/lavamedia.be\/la-beaute-dun-probleme-social\/"},"modified":"2022-06-06T15:39:40","modified_gmt":"2022-06-06T13:39:40","slug":"la-beaute-dun-probleme-social","status":"publish","type":"post","link":"https:\/\/lavamedia.be\/fr\/la-beaute-dun-probleme-social\/","title":{"rendered":"La beaut\u00e9 d\u2019un probl\u00e8me social"},"content":{"rendered":"<ol>\n<li><strong>M\u00f8N\u00f8CLe<\/strong> | Monocle nous emm\u00e8nera dans l\u2019exploration du sens et de la signification d\u2019un objet ou d\u2019une \u0153uvre particuli\u00e8re. Un objet au travers de son histoire, de sa fonction politique ou de son fonctionnement id\u00e9ologique. Une \u0153uvre sp\u00e9cifique, car, loin des commentaires g\u00e9n\u00e9raux et souvent r\u00e9ducteurs sur le travail d\u2019un artiste, chaque \u0153uvre n\u00e9cessite un regard ac\u00e9r\u00e9 pour en d\u00e9crypter le sens.<\/li>\n<\/ol>\n<p>La relation de l\u2019art \u00e0 la politique est un sujet complexe. Dans cet essai sur la photographie d\u2019un bureau de ch\u00f4mage, Walter Benn Michaels d\u00e9fend l\u2019id\u00e9e que l\u2019art ne peut \u00eatre r\u00e9ellement politique que s\u2019il s\u2019oppose \u00e0 la compassion.<\/p>\n<p>Le ch\u00f4mage est \u00e0 la fois un probl\u00e8me et une solution. C\u2019est un probl\u00e8me pour les ch\u00f4meurs, qui veulent travailler et une solution pour les employeurs, qui veulent des employ\u00e9s au moindre co\u00fbt. Disons que vous souhaitez engager un vendeur (le poste le plus commun aux \u00c9tats-Unis) ; si vous pouvez vous permettre de lui payer un salaire moyen de 12 dollars l\u2019heure, c\u2019est parce qu\u2019il y a beaucoup de vendeurs potentiels qui sont au ch\u00f4mage. Ce qui signifie, en contrepartie, que non seulement le ch\u00f4mage est un probl\u00e8me pour ceux qui n\u2019ont pas de travail, mais que c\u2019est un probl\u00e8me pour ceux qui en ont. Si vous \u00eates vendeur, les ch\u00f4meurs repr\u00e9sentent la concurrence ; leur situation est peut-\u00eatre moins bonne que la v\u00f4tre, mais votre situation est moins bonne \u00e0 cause d\u2019eux : c\u2019est parce qu\u2019ils existent que vous ne gagnez que 12 dollars l\u2019heure. C\u2019est pourquoi Karl Marx envisageait les ch\u00f4meurs \u2013 \u00ab la surpopulation relative \u00bb \u2013 comme \u00ab le pivot autour duquel s\u2019articule la loi de l\u2019offre et de la demande du travail \u00bb. Mais pas besoin d\u2019\u00eatre communiste pour saisir l\u2019utilit\u00e9 du ch\u00f4mage. Ou pour comprendre pourquoi la le\u00e7on \u00e0 tirer est qu\u2019il ne faut pas aller en dessous de ce que Milton Friedman \u2014 qui n\u2019\u00e9tait pas exactement un communiste \u2014 appelait \u00ab le taux naturel de ch\u00f4mage \u00bb, puisque, si cela arrivait, nous courrions le risque d\u2019une \u00ab inflation acc\u00e9l\u00e9r\u00e9e \u00bb, c\u2019est-\u00e0-dire le risque de devoir payer des salaires plus \u00e9lev\u00e9s qui pourraient \u00eatre exig\u00e9s par les vendeurs s\u2019ils \u00e9taient moins en concurrence.<\/p>\n<figure id=\"attachment_1267\" aria-describedby=\"caption-attachment-1267\" style=\"width: 2000px\" class=\"wp-caption aligncenter\"><a href=\"https:\/\/lavamedia.be\/wp-content\/uploads\/2017\/04\/Sitzecke.jpg\"><img decoding=\"async\" class=\"size-full wp-image-1267\" src=\"https:\/\/lavamedia.be\/wp-content\/uploads\/2017\/04\/Sitzecke.jpg\" alt=\"\" width=\"2000\" height=\"1515\" \/><\/a><figcaption id=\"caption-attachment-1267\" class=\"wp-caption-text\">Viktoria Binschtok, \u00ab Die Abwesenheit der Antragsteller \u00bb, 2006, 120 \u00d7 160 cm, C-print. Courtesy of the artist.<\/figcaption><\/figure>\n<p>L\u2019in\u00e9galit\u00e9 cr\u00e9\u00e9e et maintenue par le ch\u00f4mage diff\u00e8re donc des autres in\u00e9galit\u00e9s comme le racisme et le sexisme. Par exemple, personne ne dit que nous avons besoin d\u2019une certaine dose de racisme ou de sexisme pour faire marcher l\u2019\u00e9conomie. Au contraire. La plupart des \u00e9conomistes du libre-\u00e9change pensent que la discrimination est mauvaise \u00e9thiquement parlant, mais depuis que le coll\u00e8gue de Friedman, Gary Becker, a \u00e9crit <em>The Economics of Discrimination<\/em>, ils savent m\u00eame que c\u2019est mauvais pour le profit. Les employeurs qui n\u2019engagent pas de travailleurs noirs ne font que renforcer le pouvoir de n\u00e9gociation des travailleurs blancs ; ils r\u00e9duisent la concurrence des travailleurs entre eux. Contrairement au racisme, cependant, une juste quantit\u00e9 de ch\u00f4mage est bonne pour le profit. En effet, c\u2019est bon pour le capitalisme lui-m\u00eame. C\u2019est ainsi que l\u2019in\u00e9galit\u00e9 apport\u00e9e par le ch\u00f4mage est, dans une \u00e9conomie capitaliste, une in\u00e9galit\u00e9 utile, et le probl\u00e8me de notre attitude envers les ch\u00f4meurs (contrairement au probl\u00e8me de notre attitude envers les victimes du racisme ou du sexisme ou de toute autre discrimination) est \u00e0 la fois compliqu\u00e9 et hors sujet. C\u2019est compliqu\u00e9 parce que, plus nous nous voyons comme des membres de la classe ouvri\u00e8re, plus notre empathie envers les ch\u00f4meurs (qui n\u2019ont pas de salaire) se m\u00e9lange \u00e0 du ressentiment (parce qu\u2019ils n\u2019ont pas de salaire, nous avons des salaires plus bas). C\u2019est hors sujet parce que notre ressenti vis-\u00e0-vis des ch\u00f4meurs ne change rien quant au fait qu\u2019il y ait du ch\u00f4mage. C\u2019est bon pour le capitalisme, que cela nous plaise ou pas.<\/p>\n<p>Voil\u00e0 pourquoi cet essai s\u2019intitule \u00ab La beaut\u00e9 d\u2019un probl\u00e8me social \u00bb. C\u2019est une fa\u00e7on d\u2019\u00e9voquer la remarque de Brecht \u00e0 propos de la sc\u00e8ne du \u00ab Chant de la grande capitulation \u00bb dans M\u00e8re Courage et ses enfants. \u00c0 ses yeux, cette sc\u00e8ne serait \u00ab un d\u00e9sastre \u00bb \u00ab si l\u2019actrice qui incarne M\u00e8re Courage invite l\u2019audience \u00e0 s\u2019identifier \u00e0 elle \u00bb parce que le \u00ab spectateur \u00bb sera priv\u00e9 de l\u2019opportunit\u00e9 \u00ab de ressentir la beaut\u00e9 et l\u2019attrait d\u2019un probl\u00e8me social<span id='easy-footnote-1-777' class='easy-footnote-margin-adjust'><\/span><span class='easy-footnote'><a href='https:\/\/lavamedia.be\/fr\/la-beaute-dun-probleme-social\/#easy-footnote-bottom-1-777' title='Bertolt Brecht, \u00ab From the Mother Courage Model \u00bb dans, John Willett, Brecht on Theater : The develoment of an aesthetic, Eyre Methuen, Londres, 1974.'><sup>1<\/sup><\/a><\/span> \u00bb. Dans cette perspective, si nous pensons que ce qui est important dans notre relation avec les ch\u00f4meurs c\u2019est notre capacit\u00e9 \u00e0 ressentir leur douleur, alors nous n\u2019avons rien compris. Et si nous pensons que l\u2019art politique doit nous permettre de nous identifier plut\u00f4t que de nous offrir quelque chose de \u00ab beau \u00bb, nous n\u2019avons toujours rien compris. Au lieu de cela, ressentir la beaut\u00e9 du probl\u00e8me c\u2019est justement ne pas ressentir de compassion pour ceux qui souffrent \u00e0 cause de ce probl\u00e8me ; il s\u2019agit plut\u00f4t de comprendre le probl\u00e8me comme structure.<\/p>\n<p>C\u2019est pour cette raison que les photographies de Viktoria Binschtok, prises dans un bureau de ch\u00f4mage \u00e0 Berlin, ne montrent en fait aucun ch\u00f4meur. La m\u00e8re Courage de Brecht est d\u00e9crite comme venant se plaindre au \u00ab capitaine \u00bb parce que des soldats ont endommag\u00e9 son stock ; les photos de Binschtok s\u2019intitulent Die Abwesenheit der Antragsteller, soit \u00ab l\u2019absence de demandeurs \u00bb plut\u00f4t que \u00ab les demandeurs \u00bb. Ces photos montrent les marques que les gens ont laiss\u00e9es sur le mur en s\u2019y appuyant pendant qu\u2019ils attendaient un entretien pour leur obtenir leur droit aux allocations. Et alors que Brecht insiste sur le fait que le personnage de M\u00e8re Courage \u2014 sa \u00ab d\u00e9pravation \u00bb en particulier \u2014 ne doit pas \u00eatre vu comme individuel, puisqu\u2019il \u00ab s\u2019agit non pas de sa d\u00e9pravation \u00e0 elle, mais de celle de sa classe \u00bb, les ch\u00f4meurs de Binschtok n\u2019ont pas de caract\u00e9ristique, d\u00e9prav\u00e9e ou autre. En revanche, ils ont un corps. Cependant, puisque leurs corps ne sont sugg\u00e9r\u00e9s que par les marques sur le mur, il nous est impossible de savoir de quelle sorte de corps il s\u2019agit, tout comme on ne peut savoir quel genre de personnage ils \u00e9taient. Autrement dit, on ne peut non seulement pas savoir s\u2019ils \u00e9taient paresseux ou travailleurs, ni s\u2019il s\u2019agissait d\u2019hommes, de femmes ou quelles \u00e9taient leurs origines ; en fait, il nous est m\u00eame impossible de d\u00e9terminer leur classe (ce que Brecht voulait que l\u2019on voie chez M\u00e8re Courage). Au lieu de cela, la photo nous montre un m\u00e9canisme \u2014 \u00ab le pivot \u00bb \u2014 qui articule les rapports de classe. Ce qui signifie que replacer les personnes par les marques qu\u2019elles ont laiss\u00e9es rel\u00e8ve moins de la d\u00e9sindividualisation que de la d\u00e9personnification. Il s\u2019agit moins de repr\u00e9senter un groupe social de mani\u00e8re abstraite que de repr\u00e9senter sa fonction dans les rapports sociaux. Les marques repr\u00e9sentent, sans personnification, non pas un groupe social, mais un \u00e9l\u00e9ment structurel.<\/p>\n<p>Encore que \u00ab repr\u00e9senter \u00bb est un terme qui pose probl\u00e8me ici. Les \u00e9raflures et les taches sur le mur ne sont pas des repr\u00e9sentations de personnes ; ce sont des traces laiss\u00e9es par des corps. Et la photo n\u2019est pas une repr\u00e9sentation des \u00e9raflures et des taches. En effet, la photographie, au sens strict, est un enregistrement, une trace et non une repr\u00e9sentation ; c\u2019est une trace de leurs traces. En ce sens, la relation entre la photographie et les ch\u00f4meurs n\u2019est pas que c\u2019est une photo d\u2019eux, mais une photo caus\u00e9e par eux, un enregistrement de leur pr\u00e9sence. Mais en m\u00eame temps, la photo utilise d\u2019une mani\u00e8re presque ostentatoire une compr\u00e9hension tr\u00e8s diff\u00e9rente d\u2019elle-m\u00eame. Elle se pr\u00e9sente \u00e0 nous, non comme une simple trace, mais sous la forme d\u2019une abstraction picturale (avec un clin d\u2019\u0153il \u00e0 Cy Twombly). En ce sens, elle transforme les traces des corps des ch\u00f4meurs en une abstraction. Et ce mouvement vers l\u2019abstraction \u2014 vers quelque chose de fabriqu\u00e9 par l\u2019artiste plut\u00f4t que captur\u00e9 \u2014 est un autre moyen d\u2019insister sur la fonction du ch\u00f4meur plut\u00f4t que sur la d\u00e9tresse de ses victimes. Cela d\u00e9crit les corps cr\u00e9\u00e9s par une \u00e9conomie capitaliste comme principe structurel qui fait fonctionner le capitalisme. La photographie permet d\u00e8s lors de repr\u00e9senter le m\u00e9canisme qui produit les ch\u00f4meurs plut\u00f4t que les ch\u00f4meurs eux-m\u00eames. Les principes sont eux-m\u00eames des abstractions ; ils ne laissent pas de trace ; ils doivent \u00eatre repr\u00e9sent\u00e9s, pas enregistr\u00e9s.<\/p>\n<blockquote><p>Il s\u2019agit moins de repr\u00e9senter un groupe social de mani\u00e8re abstraite que de repr\u00e9senter sa fonction dans les rapports sociaux.<\/p><\/blockquote>\n<p>Pour le dire autrement, c\u2019est la beaut\u00e9 de la photographie qui est la marque de son contenu politique \u2014 une beaut\u00e9 cr\u00e9\u00e9e non pas en montrant les victimes du ch\u00f4mage, mais en ne les montrant pas, et en transformant la capture de leur pr\u00e9sence en quelque chose qui ressemblerait plus \u00e0 une peinture du mouvement <em>colorfield painting<\/em> qu\u2019\u00e0 une photo documentaire. En tant qu\u2019image d\u2019une \u00ab surpopulation relative \u00bb plut\u00f4t que de ch\u00f4meurs, \u00ab Wand 1 \u00bb ne vise pas \u00e0 susciter notre empathie. Au lieu de cela, c\u2019est pr\u00e9cis\u00e9ment car la population au ch\u00f4mage rempli sa fonction de pression sur les salaires ind\u00e9pendamment de nos \u00e9motions vis-\u00e0-vis de celle-ci que pour pouvoir la voir correctement, nous devons l\u2019appr\u00e9hender objectivement sans y investir le moindre sentiment ni m\u00eame envisager les sentiments que les travailleurs et les ch\u00f4meurs peuvent ressentir les uns pour les autres et envers eux-m\u00eames. Bien s\u00fbr, nous avons tous de tels ressentis. Mais le probl\u00e8me social ne peut pas \u00eatre r\u00e9solu en changeant ces ressentis ; le probl\u00e8me est en effet occult\u00e9 par l\u2019id\u00e9e m\u00eame que notre ressenti a de l\u2019importance. Quand nous commen\u00e7ons \u00e0 nous demander si les ch\u00f4meurs ont fait de mauvais choix et sont responsables de leur d\u00e9tresse, ou s\u2019ils sont les victimes de nos pr\u00e9jug\u00e9s, racisme ou sexisme, et que nous sommes responsables de leur situation, nous avons d\u00e9j\u00e0 oubli\u00e9 le vrai probl\u00e8me social \u2014 qui est que, si tout le monde faisait de bons choix et s\u2019il n\u2019y avait pas de racisme ni de sexisme, le taux de ch\u00f4mage resterait inchang\u00e9.<\/p>\n<div id='gallery-1' class='gallery galleryid-777 gallery-columns-1 gallery-size-thumbnail'><figure class='gallery-item'>\n\t\t\t<div class='gallery-icon landscape'>\n\t\t\t\t<a href='https:\/\/lavamedia.be\/wp-content\/uploads\/2017\/04\/Wand1.jpg'><img decoding=\"async\" width=\"640\" height=\"400\" src=\"https:\/\/lavamedia.be\/wp-content\/uploads\/2017\/04\/Wand1-640x400.jpg\" class=\"attachment-thumbnail size-thumbnail\" alt=\"\" aria-describedby=\"gallery-1-1270\" \/><\/a>\n\t\t\t<\/div>\n\t\t\t\t<figcaption class='wp-caption-text gallery-caption' id='gallery-1-1270'>\n\t\t\t\tViktoria Binschtok, \u201cWand#1\u201d, 2006, 120 \u00d7 160 cm, C-print. Courtesy of the artist. \n\t\t\t\t<\/figcaption><\/figure><figure class='gallery-item'>\n\t\t\t<div class='gallery-icon landscape'>\n\t\t\t\t<a href='https:\/\/lavamedia.be\/wp-content\/uploads\/2017\/04\/Wand2.jpg'><img decoding=\"async\" width=\"640\" height=\"400\" src=\"https:\/\/lavamedia.be\/wp-content\/uploads\/2017\/04\/Wand2-640x400.jpg\" class=\"attachment-thumbnail size-thumbnail\" alt=\"\" aria-describedby=\"gallery-1-1273\" \/><\/a>\n\t\t\t<\/div>\n\t\t\t\t<figcaption class='wp-caption-text gallery-caption' id='gallery-1-1273'>\n\t\t\t\tViktoria Binschtok, \u201cWand#2\u201d, 2006, 120 \u00d7 160 cm, C-print. Courtesy of the artist. \n\t\t\t\t<\/figcaption><\/figure><figure class='gallery-item'>\n\t\t\t<div class='gallery-icon landscape'>\n\t\t\t\t<a href='https:\/\/lavamedia.be\/wp-content\/uploads\/2017\/04\/Wand3.jpg'><img decoding=\"async\" width=\"640\" height=\"400\" src=\"https:\/\/lavamedia.be\/wp-content\/uploads\/2017\/04\/Wand3-640x400.jpg\" class=\"attachment-thumbnail size-thumbnail\" alt=\"\" aria-describedby=\"gallery-1-1276\" \/><\/a>\n\t\t\t<\/div>\n\t\t\t\t<figcaption class='wp-caption-text gallery-caption' id='gallery-1-1276'>\n\t\t\t\tViktoria Binschtok, \u201cWand#1\u201d, 2006, 120 \u00d7 160 cm, C-print. Courtesy of the artist. \n\t\t\t\t<\/figcaption><\/figure>\n\t\t<\/div>\n\n<p>La photo \u00e9tablit donc une distance avec ses sujets, et cherche \u00e0 refl\u00e9ter cette distance avec celle qu\u2019elle \u00e9tablit avec ses spectateurs, nous emp\u00eachant alors de nous identifier en ne nous donnant personne \u00e0 qui nous identifier, rendant ainsi les spectateurs et leurs \u00e9motions aussi hors de propos que les sujets de la photo et leurs \u00e9motions. Le but de cette photographie est donc d\u2019\u00e9tablir son propre espace, de devenir autonome. C\u2019est tout \u00e0 fait \u00e0 l\u2019oppos\u00e9 de ce que l\u2019on envisage dans une relation entre la politique et l\u2019art. On pense d\u2019habitude que l\u2019art \u00ab engag\u00e9 \u00bb est cens\u00e9 \u00eatre rattach\u00e9 au monde, nous montrer les victimes d\u2019un abus terrifiant et toucher profond\u00e9ment ses spectateurs, cr\u00e9ant ainsi en nous le d\u00e9sir de corriger cet abus. Et de l\u2019art qui ne s\u2019adresse pas \u00e0 nous de cette mani\u00e8re \u2014 un art qui tente d\u2019imaginer sa s\u00e9paration du monde, un art qui insiste sur ses propri\u00e9t\u00e9s formelles \u2014 nous avons tendance \u00e0 le voir comme apolitique, voire m\u00eame conservateur, peut-\u00eatre passionn\u00e9 de beaut\u00e9, mais indiff\u00e9rent face \u00e0 la douleur.<\/p>\n<p>Mais c\u2019est une erreur. Le grand critique Hal Foster a remarqu\u00e9 que l\u2019art qui l\u2019a r\u00e9cemment le plus touch\u00e9 se caract\u00e9risait par une \u00ab absence de forme \u00bb, qu\u2019il \u00e9tait fait pour \u00ab \u00e9voquer, le plus directement possible, le d\u00e9sarroi des \u00e9lites dirigeantes et la violence du capital mondialis\u00e9<span id='easy-footnote-2-777' class='easy-footnote-margin-adjust'><\/span><span class='easy-footnote'><a href='https:\/\/lavamedia.be\/fr\/la-beaute-dun-probleme-social\/#easy-footnote-bottom-2-777' title='Hal Foster, \u00ab Precarious \u00bb, Artforum, d\u00e9cembre 2009.'><sup>2<\/sup><\/a><\/span> \u00bb. Mais peut-\u00eatre que l\u2019absence de forme esth\u00e9tique est pr\u00e9cis\u00e9ment ce dont nous avons le moins besoin. Peut-\u00eatre avons-nous besoin d\u2019un art qui repr\u00e9senterait moins les abus du syst\u00e8me que, au travers de sa forme, le syst\u00e8me lui-m\u00eame. Et peut-\u00eatre que c\u2019est cet effort pour produire quelque chose qui se suffit \u00e0 lui m\u00eame, sans r\u00e9f\u00e9rence directe au monde r\u00e9el, qui nous permet de voir dans l\u2019art, non seulement le reflet de la forme actuelle de capitalisme n\u00e9olib\u00e9ral, mais aussi ce que pourrait \u00eatre son alternative.<\/p>\n<blockquote><p>Peut-\u00eatre avons-nous besoin d\u2019un art qui repr\u00e9senterait moins les abus du syst\u00e8me que, au travers de sa forme, le syst\u00e8me lui-m\u00eame.<\/p><\/blockquote>\n<p>Le ch\u00f4mage est utile ici, justement parce qu\u2019il n\u2019est pas simplement un abus arbitraire et parce qu\u2019il a permis la hausse extraordinaire des in\u00e9galit\u00e9s \u00e9conomiques qui ont caract\u00e9ris\u00e9 les 35 derni\u00e8res ann\u00e9es et qui, du point de la vue du capital, est (comme le ch\u00f4mage lui-m\u00eame) autant une caract\u00e9ristique qu\u2019un probl\u00e8me. Alors que les marges de profit ont augment\u00e9 et que la part du PIB revenant aux travailleurs a d\u00e9clin\u00e9 (les salaires sont plus bas quand beaucoup ne travaillent pas), il est devenu \u00e9vident pour de plus en plus de gens qu\u2019avoir un travail n\u2019est pas forc\u00e9ment mieux que de ne pas en avoir. C\u2019est pour cela qu\u2019il vaut mieux voir les ch\u00f4meurs comme des traces sur un mur que comme des gens qui suscitent de la compassion \u2014 notre compassion est hors de propos, non seulement parce qu\u2019elle ne (leur) sert \u00e0 rien, mais parce qu\u2019elle nous d\u00e9soriente (puisque nous sommes aussi des victimes). Voil\u00e0 pourquoi il est important pour une photo comme \u00ab Wand 1 \u00bb \u2014 qui est bien une photo du march\u00e9 du travail comme syst\u00e8me \u2014 qu\u2019elle imagine sa propre autonomie de ce march\u00e9.<\/p>\n<p>De fa\u00e7on plus g\u00e9n\u00e9rale, c\u2019est pour cela que l\u2019indiff\u00e9rence issue de cette dissociation peut \u00eatre utile politiquement. D\u2019un c\u00f4t\u00e9, l\u2019\u0153uvre d\u2019art se s\u00e9pare du monde et montre l\u2019inutilit\u00e9 de nos sentiments. Mais de l\u2019autre, elle fait appel \u00e0 un ensemble de sentiments diff\u00e9rents, notre attrait, comme le dit Brecht, pour la beaut\u00e9. Aujourd\u2019hui, nous pourrions en faire l\u2019hypoth\u00e8se, c\u2019est seulement dans la mesure o\u00f9 l\u2019art cherche la beaut\u00e9 \u2014 \u00e0 atteindre une perfection formelle uniquement imaginable dans les \u0153uvres d\u2019art \u2014 qu\u2019il peut fonctionner comme une image portant, non pas sur la fa\u00e7on dont nous pourrions g\u00e9rer les probl\u00e8mes du capitalisme en nous comportant mieux, mais plut\u00f4t sur le capitalisme lui-m\u00eame en tant que probl\u00e8me.<\/p>\n<ol>\n<li>Cet essai a \u00e9t\u00e9 publi\u00e9 en anglais le 3 octobre 2011 par le journal <a href=\"http:\/\/brooklynrail.org\/2011\/10\/art\/the-beauty-of-a-social-problem\" target=\"_blank\" rel=\"noopener noreferrer\">Brooklyn Rail<\/a>.<\/li>\n<\/ol>\n","protected":false},"excerpt":{"rendered":"<p>La relation de l\u2019art \u00e0 la politique est un sujet complexe. Dans cet essai sur la photographie d\u2019un bureau de ch\u00f4mage, Walter Benn Michaels d\u00e9fend l\u2019id\u00e9e que l\u2019art ne peut \u00eatre r\u00e9ellement politique que s\u2019il s\u2019oppose \u00e0 la compassion.<\/p>\n","protected":false},"author":24,"featured_media":1097,"comment_status":"closed","ping_status":"closed","sticky":false,"template":"","format":"standard","meta":{"_acf_changed":false,"footnotes":""},"categories":[17,82],"tags":[433,3377],"class_list":["post-777","post","type-post","status-publish","format-standard","has-post-thumbnail","hentry","category-articles-fr","category-monocle-fr","tag-art","tag-walter-benn-michaels-fr","issues-numero-1"],"acf":[],"aioseo_notices":[],"_links":{"self":[{"href":"https:\/\/lavamedia.be\/fr\/wp-json\/wp\/v2\/posts\/777","targetHints":{"allow":["GET"]}}],"collection":[{"href":"https:\/\/lavamedia.be\/fr\/wp-json\/wp\/v2\/posts"}],"about":[{"href":"https:\/\/lavamedia.be\/fr\/wp-json\/wp\/v2\/types\/post"}],"author":[{"embeddable":true,"href":"https:\/\/lavamedia.be\/fr\/wp-json\/wp\/v2\/users\/24"}],"replies":[{"embeddable":true,"href":"https:\/\/lavamedia.be\/fr\/wp-json\/wp\/v2\/comments?post=777"}],"version-history":[{"count":1,"href":"https:\/\/lavamedia.be\/fr\/wp-json\/wp\/v2\/posts\/777\/revisions"}],"predecessor-version":[{"id":39449,"href":"https:\/\/lavamedia.be\/fr\/wp-json\/wp\/v2\/posts\/777\/revisions\/39449"}],"wp:featuredmedia":[{"embeddable":true,"href":"https:\/\/lavamedia.be\/fr\/wp-json\/wp\/v2\/media\/1097"}],"wp:attachment":[{"href":"https:\/\/lavamedia.be\/fr\/wp-json\/wp\/v2\/media?parent=777"}],"wp:term":[{"taxonomy":"category","embeddable":true,"href":"https:\/\/lavamedia.be\/fr\/wp-json\/wp\/v2\/categories?post=777"},{"taxonomy":"post_tag","embeddable":true,"href":"https:\/\/lavamedia.be\/fr\/wp-json\/wp\/v2\/tags?post=777"}],"curies":[{"name":"wp","href":"https:\/\/api.w.org\/{rel}","templated":true}]}}