{"id":60240,"date":"2026-07-02T14:52:56","date_gmt":"2026-07-02T12:52:56","guid":{"rendered":"https:\/\/lavamedia.be\/?p=60240"},"modified":"2026-07-15T09:42:10","modified_gmt":"2026-07-15T07:42:10","slug":"vw-2-6-milliards-de-dividendes-et-100-000-pertes-demplois","status":"publish","type":"post","link":"https:\/\/lavamedia.be\/fr\/vw-2-6-milliards-de-dividendes-et-100-000-pertes-demplois\/","title":{"rendered":"La voiture du futur n&rsquo;est pas un tank"},"content":{"rendered":"<p>Restructurations, licenciements, usines qui ferment : l&rsquo;industrie automobile europ\u00e9enne vacille et se reconvertit dans l&rsquo;armement. Elle choisit les profits pour ses actionnaires, la crise technologique et la guerre, alors que la prosp\u00e9rit\u00e9 et la paix sont possibles.<\/p>\n<figure id=\"attachment_60243\" aria-describedby=\"caption-attachment-60243\" style=\"width: 2560px\" class=\"wp-caption aligncenter\"><img decoding=\"async\" class=\"size-full wp-image-60243\" src=\"https:\/\/lavamedia.be\/wp-content\/uploads\/2026\/07\/shutterstock_2537326751-scaled.jpg\" alt=\"\" width=\"2560\" height=\"1707\" \/><figcaption id=\"caption-attachment-60243\" class=\"wp-caption-text\">Shutterstock<\/figcaption><\/figure>\n<p>Le groupe Volkswagen avait d\u00e9j\u00e0 act\u00e9 la suppression de 35 000 emplois dans sa principale marque automobile d\u2019ici 2030<span id='easy-footnote-1-60240' class='easy-footnote-margin-adjust'><\/span><span class='easy-footnote'><a href='https:\/\/lavamedia.be\/fr\/vw-2-6-milliards-de-dividendes-et-100-000-pertes-demplois\/#easy-footnote-bottom-1-60240' title='&lt;a href=&quot;https:\/\/annualreport2024.volkswagen-group.com\/group-management-report\/volkswagen-ag\/annual-result.html&quot;&gt;https:\/\/annualreport2024.volkswagen-group.com\/group-management-report\/volkswagen-ag\/annual-result.html&lt;\/a&gt;'><sup>1<\/sup><\/a><\/span>. Aujourd\u2019hui, elle envisagerait d&rsquo;aller jusqu&rsquo;\u00e0 100 000 suppressions de postes dans le monde et la fermeture de quatre usines allemandes<span id='easy-footnote-2-60240' class='easy-footnote-margin-adjust'><\/span><span class='easy-footnote'><a href='https:\/\/lavamedia.be\/fr\/vw-2-6-milliards-de-dividendes-et-100-000-pertes-demplois\/#easy-footnote-bottom-2-60240' title='&lt;a href=&quot;https:\/\/www.zonebourse.com\/actualite-bourse\/le-pdg-de-volkswagen-envisage-de-supprimer-jusqu-a-100-000-emplois-dans-les-prochaines-annees-selon-ce7f5fd9db8ef126&quot;&gt;https:\/\/www.zonebourse.com\/actualite-bourse\/le-pdg-de-volkswagen-envisage-de-supprimer-jusqu-a-100-000-emplois-dans-les-prochaines-annees-selon-ce7f5fd9db8ef126&lt;\/a&gt;'><sup>2<\/sup><\/a><\/span>. Le syndicat IG Metall a tout de suite r\u00e9agi qu\u2019il ferait tout ce qui est possible pour emp\u00eacher ce sc\u00e9nario<span id='easy-footnote-3-60240' class='easy-footnote-margin-adjust'><\/span><span class='easy-footnote'><a href='https:\/\/lavamedia.be\/fr\/vw-2-6-milliards-de-dividendes-et-100-000-pertes-demplois\/#easy-footnote-bottom-3-60240' title='&lt;a href=&quot;https:\/\/guideautoweb.com\/articles\/82444\/volkswagen-pourrait-supprimer-jusqu-a-100-000-emplois-et-se-scinder-selon-un-media-allemand\/&quot;&gt;https:\/\/guideautoweb.com\/articles\/82444\/volkswagen-pourrait-supprimer-jusqu-a-100-000-emplois-et-se-scinder-selon-un-media-allemand\/&lt;\/a&gt;'><sup>3<\/sup><\/a><\/span>. Une fois de plus le groupe allemand tente de faire payer la facture de la chute de ses ventes aux travailleurs et travailleuses du groupe ; faire payer celles et ceux qui ont produit la richesse du groupe. Comme sa filiale Audi l\u2019a fait \u00e0 Bruxelles en fermant son usine ultramoderne qui se trouvait dans la capitale du pays. Avec cette fermeture, Audi a d\u00e9truit des emplois, d\u00e9truit des familles et d\u00e9truit des savoir-faire. Et c\u2019est \u00e0 nouveau ce sc\u00e9nario que VW propose \u00e0 son personnel.<\/p>\n<h2>Une crise dans l\u2019ensemble de l\u2019automobile europ\u00e9enne<\/h2>\n<p>Ce qui se passe avec le g\u00e9ant allemand n\u2019est pas une situation isol\u00e9e. Toute l\u2019industrie europ\u00e9enne est touch\u00e9e\u00a0: Stellantis<span id='easy-footnote-4-60240' class='easy-footnote-margin-adjust'><\/span><span class='easy-footnote'><a href='https:\/\/lavamedia.be\/fr\/vw-2-6-milliards-de-dividendes-et-100-000-pertes-demplois\/#easy-footnote-bottom-4-60240' title='&lt;a href=&quot;https:\/\/motorsactu.com\/stellantis-en-crise-arret-de-production-dans-7-usines-en-europe-et-ventes-en-chute-libre\/&quot;&gt;https:\/\/motorsactu.com\/stellantis-en-crise-arret-de-production-dans-7-usines-en-europe-et-ventes-en-chute-libre\/&lt;\/a&gt;'><sup>4<\/sup><\/a><\/span>, Renault<span id='easy-footnote-5-60240' class='easy-footnote-margin-adjust'><\/span><span class='easy-footnote'><a href='https:\/\/lavamedia.be\/fr\/vw-2-6-milliards-de-dividendes-et-100-000-pertes-demplois\/#easy-footnote-bottom-5-60240' title='&lt;a href=&quot;https:\/\/motorsactu.com\/renault-face-a-la-tempete-3-000-emplois-menaces-dans-un-plan-de-survie-historique\/&quot;&gt;https:\/\/motorsactu.com\/renault-face-a-la-tempete-3-000-emplois-menaces-dans-un-plan-de-survie-historique\/&lt;\/a&gt;'><sup>5<\/sup><\/a><\/span>, Mercedes,&#8230;BMW, longtemps pr\u00e9sent\u00e9 comme le plus solide des trois grands allemands<span id='easy-footnote-6-60240' class='easy-footnote-margin-adjust'><\/span><span class='easy-footnote'><a href='https:\/\/lavamedia.be\/fr\/vw-2-6-milliards-de-dividendes-et-100-000-pertes-demplois\/#easy-footnote-bottom-6-60240' title='VW, Mercedes et BMW'><sup>6<\/sup><\/a><\/span>, a vu son action chuter de plus de 11 % en une seule s\u00e9ance en juin 2026, apr\u00e8s avoir divis\u00e9 par plus de deux sa pr\u00e9vision de marge pour l&rsquo;ann\u00e9e<span id='easy-footnote-7-60240' class='easy-footnote-margin-adjust'><\/span><span class='easy-footnote'><a href='https:\/\/lavamedia.be\/fr\/vw-2-6-milliards-de-dividendes-et-100-000-pertes-demplois\/#easy-footnote-bottom-7-60240' title='&lt;a href=&quot;https:\/\/www.lecho.be\/entreprises\/auto\/volkswagen-envisagerait-de-supprimer-jusqu-a-100-000-emplois\/10676894.html&quot;&gt;https:\/\/www.lecho.be\/entreprises\/auto\/volkswagen-envisagerait-de-supprimer-jusqu-a-100-000-emplois\/10676894.html&lt;\/a&gt;'><sup>7<\/sup><\/a><\/span>. En 2025, le secteur automobile allemand a supprim\u00e9 pr\u00e8s de 50 000 emplois, ramenant l&#8217;emploi total \u00e0 son niveau le plus bas depuis 14 ans, avec environ 725 000 salari\u00e9s<span id='easy-footnote-8-60240' class='easy-footnote-margin-adjust'><\/span><span class='easy-footnote'><a href='https:\/\/lavamedia.be\/fr\/vw-2-6-milliards-de-dividendes-et-100-000-pertes-demplois\/#easy-footnote-bottom-8-60240' title='&lt;a href=&quot;https:\/\/www.autoactu.com\/actualites\/automobile-les-importations-chinoises-depassent-les-exportations-europeennes-en-2025&quot;&gt;https:\/\/www.autoactu.com\/actualites\/automobile-les-importations-chinoises-depassent-les-exportations-europeennes-en-2025&lt;\/a&gt;'><sup>8<\/sup><\/a><\/span>.<\/p>\n<blockquote><p>L\u2019industrie automobile europ\u00e9enne traverse une crise profonde mais ce n\u2019est pas une crise de moyens. Les actionnaires de tous ces groupes croulent sous le cash.<\/p><\/blockquote>\n<p>Et cette crise touche toute la cha\u00eene industrielle. Selon CLEPA, l\u2019association europ\u00e9enne des \u00e9quipementiers automobiles, les fournisseurs automobiles europ\u00e9ens ont annonc\u00e9 54 000 suppressions d\u2019emplois en 2024 et 50 000 en 2025, soit 104 000 suppressions d\u2019emplois annonc\u00e9es en deux ans. C\u2019est dans cette cha\u00eene de sous-traitance, souvent moins visible que les grands constructeurs, que la crise frappe d\u2019abord et violemment<span id='easy-footnote-9-60240' class='easy-footnote-margin-adjust'><\/span><span class='easy-footnote'><a href='https:\/\/lavamedia.be\/fr\/vw-2-6-milliards-de-dividendes-et-100-000-pertes-demplois\/#easy-footnote-bottom-9-60240' title='Source : CLEPA, Data Digest #24, 14 janvier 2026, &lt;a href=&quot;https:\/\/www.clepa.eu\/insights-updates\/data-digests\/structural-pressures-on-europes-suppliers-policy-delivery-is-key\/&quot;&gt;https:\/\/www.clepa.eu\/insights-updates\/data-digests\/structural-pressures-on-europes-suppliers-policy-delivery-is-key\/&lt;\/a&gt;'><sup>9<\/sup><\/a><\/span>.<\/p>\n<h2>Une crise qui n&rsquo;en est pas une pour les actionnaires<\/h2>\n<p>L\u2019industrie automobile europ\u00e9enne traverse une crise profonde. Mais il faut commencer par dire de quelle crise on parle. Ce n\u2019est pas d\u2019abord une crise de moyens. Les actionnaires de tous ces groupes croulent sous le cash. Ils ont \u00e9t\u00e9 grassement r\u00e9mun\u00e9r\u00e9s ces derni\u00e8res ann\u00e9es. Dans l&rsquo;apr\u00e8s-Covid, la majorit\u00e9 des constructeurs automobiles europ\u00e9ens ont connu une augmentation consid\u00e9rable de leurs profits. Audi a ainsi r\u00e9alis\u00e9 des profits op\u00e9rationnels records : 7,6 milliards d&rsquo;euros en 2022<span id='easy-footnote-10-60240' class='easy-footnote-margin-adjust'><\/span><span class='easy-footnote'><a href='https:\/\/lavamedia.be\/fr\/vw-2-6-milliards-de-dividendes-et-100-000-pertes-demplois\/#easy-footnote-bottom-10-60240' title='&lt;a href=&quot;https:\/\/www.audi-press.be\/2022-fiscal-year-record-operating-profit-for-audi&quot;&gt;https:\/\/www.audi-press.be\/2022-fiscal-year-record-operating-profit-for-audi&lt;\/a&gt;'><sup>10<\/sup><\/a><\/span> et 6,3 milliards d&rsquo;euros en 2023<span id='easy-footnote-11-60240' class='easy-footnote-margin-adjust'><\/span><span class='easy-footnote'><a href='https:\/\/lavamedia.be\/fr\/vw-2-6-milliards-de-dividendes-et-100-000-pertes-demplois\/#easy-footnote-bottom-11-60240' title='&lt;a href=&quot;https:\/\/www.audi-mediacenter.com\/en\/press-releases\/after-a-solid-fiscal-year-2023-audi-strengthens-and-expands-its-product-portfolio-15957&quot;&gt;https:\/\/www.audi-mediacenter.com\/en\/press-releases\/after-a-solid-fiscal-year-2023-audi-strengthens-and-expands-its-product-portfolio-15957&lt;\/a&gt;'><sup>11<\/sup><\/a><\/span>. Sa maison m\u00e8re, le groupe Volkswagen, a distribu\u00e9 \u00e0 ses actionnaires pr\u00e8s de 11 milliards d&rsquo;euros de dividendes au titre de l&rsquo;exercice 2023<span id='easy-footnote-12-60240' class='easy-footnote-margin-adjust'><\/span><span class='easy-footnote'><a href='https:\/\/lavamedia.be\/fr\/vw-2-6-milliards-de-dividendes-et-100-000-pertes-demplois\/#easy-footnote-bottom-12-60240' title='Rapport annuel 2023, Volkswagen Group, p. 366'><sup>12<\/sup><\/a><\/span>. Et apr\u00e8s ces ann\u00e9es records, VW \u2013 malgr\u00e9 la crise \u2013 propose encore de verser 2,6 milliards d\u2019euros de dividendes au titre de 2025<span id='easy-footnote-13-60240' class='easy-footnote-margin-adjust'><\/span><span class='easy-footnote'><a href='https:\/\/lavamedia.be\/fr\/vw-2-6-milliards-de-dividendes-et-100-000-pertes-demplois\/#easy-footnote-bottom-13-60240' title='Volkswagen Group Annual Report 2025, &lt;a href=&quot;https:\/\/annualreport2025.volkswagen-group.com\/&quot;&gt;https:\/\/annualreport2025.volkswagen-group.com\/&lt;\/a&gt;\u00a0; Volkswagen dividend 2025, &lt;a href=&quot;https:\/\/annualreport2025.volkswagen-group.com\/group-management-report\/volkswagen-ag\/dividend.html&quot;&gt;https:\/\/annualreport2025.volkswagen-group.com\/group-management-report\/volkswagen-ag\/dividend.html&lt;\/a&gt;'><sup>13<\/sup><\/a><\/span>, apr\u00e8s avoir vers\u00e9 3,2 milliards d\u2019euros au titre de 2024<span id='easy-footnote-14-60240' class='easy-footnote-margin-adjust'><\/span><span class='easy-footnote'><a href='https:\/\/lavamedia.be\/fr\/vw-2-6-milliards-de-dividendes-et-100-000-pertes-demplois\/#easy-footnote-bottom-14-60240' title='Volkswagen Group Annual Report 2024, &lt;a href=&quot;https:\/\/annualreport2024.volkswagen-group.com\/&quot;&gt;https:\/\/annualreport2024.volkswagen-group.com\/&lt;\/a&gt;\u00a0; Volkswagen dividend 2024, &lt;a href=&quot;https:\/\/annualreport2024.volkswagen-group.com\/group-management-report\/shares-and-bonds\/dividend.html&quot;&gt;https:\/\/annualreport2024.volkswagen-group.com\/group-management-report\/shares-and-bonds\/dividend.html&lt;\/a&gt;'><sup>14<\/sup><\/a><\/span>. Il s\u2019agit de dividendes bien sup\u00e9rieurs \u00e0 ceux de la p\u00e9riode pr\u00e9-Covid (2018-2021)<span id='easy-footnote-15-60240' class='easy-footnote-margin-adjust'><\/span><span class='easy-footnote'><a href='https:\/\/lavamedia.be\/fr\/vw-2-6-milliards-de-dividendes-et-100-000-pertes-demplois\/#easy-footnote-bottom-15-60240' title='&lt;a href=&quot;https:\/\/annualreport2018.volkswagenag.com\/group-management-report\/shares-and-bonds\/dividend.html&quot;&gt;https:\/\/annualreport2018.volkswagenag.com\/group-management-report\/shares-and-bonds\/dividend.html&lt;\/a&gt;'><sup>15<\/sup><\/a><\/span>. Stellantis a d\u00e9gag\u00e9 13,4 milliards d\u2019euros de b\u00e9n\u00e9fice net en 2021, 16,8 milliards en 2022<span id='easy-footnote-16-60240' class='easy-footnote-margin-adjust'><\/span><span class='easy-footnote'><a href='https:\/\/lavamedia.be\/fr\/vw-2-6-milliards-de-dividendes-et-100-000-pertes-demplois\/#easy-footnote-bottom-16-60240' title='&lt;a href=&quot;https:\/\/www.media.stellantis.com\/uk-en\/corporate\/press\/stellantis-delivers-record-full-year-2022-results-global-bev-sales-up-41-progressing-fast-on-dare-forward-2030-execution&quot;&gt;https:\/\/www.media.stellantis.com\/uk-en\/corporate\/press\/stellantis-delivers-record-full-year-2022-results-global-bev-sales-up-41-progressing-fast-on-dare-forward-2030-execution&lt;\/a&gt;'><sup>16<\/sup><\/a><\/span> et 18,6 milliards en 2023. Des profits records dans l\u2019histoire du groupe. Pour le seul exercice 2023, environ 7,7 milliards d\u2019euros ont \u00e9t\u00e9 redistribu\u00e9s aux actionnaires sous forme de dividendes et de rachats d\u2019actions. Les actionnaires ont encaiss\u00e9 pendant les ann\u00e9es fastes ; les travailleurs sont maintenant appel\u00e9s \u00e0 payer la facture.<\/p>\n<h2>Une strat\u00e9gie qui s&rsquo;effondre<\/h2>\n<p>L\u2019industrie automobile europ\u00e9enne, et plus encore l\u2019industrie automobile allemande, repose depuis des d\u00e9cennies sur trois piliers : la ma\u00eetrise historique du moteur thermique, la mont\u00e9e en gamme autour des gros SUV et des mod\u00e8les \u00e0 forte marge, et la rentabilit\u00e9 exceptionnelle du march\u00e9 chinois.<\/p>\n<p><strong>Le moteur thermique. <\/strong>L\u2019industrie automobile allemande a construit sa puissance sur une avance technologique accumul\u00e9e pendant plus d\u2019un si\u00e8cle autour du moteur \u00e0 combustion. Dans son nouveau livre, Les Derniers jours de l\u2019ancien monde, Peter Mertens, secr\u00e9taire g\u00e9n\u00e9ral du PTB, r\u00e9sume bien ce que repr\u00e9sentait ce moteur pour le capitalisme automobile europ\u00e9en : \u00ab un v\u00e9ritable foss\u00e9 protecteur autour de la forteresse industrielle europ\u00e9enne \u00bb<span id='easy-footnote-17-60240' class='easy-footnote-margin-adjust'><\/span><span class='easy-footnote'><a href='https:\/\/lavamedia.be\/fr\/vw-2-6-milliards-de-dividendes-et-100-000-pertes-demplois\/#easy-footnote-bottom-17-60240' title='Peter Mertens, Les Derniers jours de l\u2019ancien monde, Agone, 2026, \u00e0 para\u00eetre. Traduction de travail \u00e0 partir de l\u2019\u00e9dition n\u00e9erlandaise De laatste dagen van het oude normaal, p 40, EPO, 2026.'><sup>17<\/sup><\/a><\/span>. L\u2019image est juste. Le moteur thermique n\u2019\u00e9tait pas seulement une prouesse technique ; c\u2019\u00e9tait une barri\u00e8re d\u2019entr\u00e9e. Sa complexit\u00e9 \u2014 des milliers de pi\u00e8ces, des cha\u00eenes de sous-traitance sp\u00e9cialis\u00e9es, un savoir-faire industriel accumul\u00e9 \u2014 rendait l\u2019arriv\u00e9e de nouveaux concurrents extr\u00eamement difficile.<\/p>\n<blockquote><p>Les grands monopoles comme VW ont frein\u00e9 l\u2019\u00e9mergence d\u2019une nouvelle technologie pour pouvoir garder le plus longtemps possible la rente de monopole li\u00e9e \u00e0 la technologie existante.<\/p><\/blockquote>\n<p>Mais cette complexit\u00e9 \u00e9tait aussi une source durable de profits. Le mod\u00e8le ne s\u2019arr\u00eatait pas \u00e0 la vente du v\u00e9hicule : entretiens r\u00e9guliers, pi\u00e8ces de rechange, r\u00e9parations, usure, huile, filtres, \u00e9chappements, bo\u00eetes de vitesses. Toute une \u00e9conomie de l\u2019apr\u00e8s-vente s\u2019est construite autour du moteur thermique.<\/p>\n<p>La voiture \u00e9lectrique menace directement ce mod\u00e8le, parce qu\u2019elle comporte beaucoup moins de pi\u00e8ces mobiles, demande moins d\u2019entretien et d\u00e9place le c\u0153ur de la technologie vers les batteries, les logiciels et l\u2019\u00e9lectronique. C\u2019est pourquoi les grands constructeurs europ\u00e9ens ont frein\u00e9 la transition. Non par manque de comp\u00e9tences, mais parce que l\u2019\u00e9lectrique attaquait leur rente historique. Peter Mertens r\u00e9sume bien la situation\u00a0: \u00ab\u00a0Dans l\u2019industrie automobile, des groupes dominants comme Volkswagen et BMW ont d\u00e9lib\u00e9r\u00e9ment frein\u00e9 la transition vers la voiture \u00e9lectrique. Non par manque de comp\u00e9tences, mais parce que le moteur \u00e0 combustion constituait leur principale source de profits. Pendant ce temps, la Chine les a d\u00e9pass\u00e9s d\u2019un bond : gr\u00e2ce \u00e0 des investissements publics massifs dans les batteries et l\u2019\u00e9lectrification, ce pays, pourtant entr\u00e9 plus tard dans l\u2019industrie automobile, a rapidement rattrap\u00e9 puis d\u00e9pass\u00e9 l\u2019avance technologique que l\u2019Europe avait construite en un si\u00e8cle.\u00a0\u00bb<span id='easy-footnote-18-60240' class='easy-footnote-margin-adjust'><\/span><span class='easy-footnote'><a href='https:\/\/lavamedia.be\/fr\/vw-2-6-milliards-de-dividendes-et-100-000-pertes-demplois\/#easy-footnote-bottom-18-60240' title='Peter Mertens, Les Derniers jours de l\u2019ancien monde, Agone, 2026, \u00e0 para\u00eetre. Traduction de travail \u00e0 partir de l\u2019\u00e9dition n\u00e9erlandaise De laatste dagen van het oude normaal, p 41, EPO, 2026.'><sup>18<\/sup><\/a><\/span><\/p>\n<figure id=\"attachment_50550\" aria-describedby=\"caption-attachment-50550\" style=\"width: 600px\" class=\"wp-caption alignleft\"><img decoding=\"async\" class=\"wp-image-50550 size-medium\" src=\"https:\/\/lavamedia.be\/wp-content\/uploads\/2024\/09\/246641347_10159970670099767_1689498470941467254_n-600x600.jpg\" alt=\"\" width=\"600\" height=\"600\" \/><figcaption id=\"caption-attachment-50550\" class=\"wp-caption-text\">Benjamin Pestieau est responsabl des relations syndicales du PTB et secr\u00e9taire g\u00e9n\u00e9ral adjoint du PTB.<\/figcaption><\/figure>\n<p>Il d\u00e9crit l\u00e0, la tendance des grands monopoles<span id='easy-footnote-19-60240' class='easy-footnote-margin-adjust'><\/span><span class='easy-footnote'><a href='https:\/\/lavamedia.be\/fr\/vw-2-6-milliards-de-dividendes-et-100-000-pertes-demplois\/#easy-footnote-bottom-19-60240' title='C\u2019est un grand groupe, ou un petit nombre de grands groupes, qui concentre tellement de capital, de production et de pouvoir \u00e9conomique qu\u2019il peut dominer un secteur, influencer les prix, imposer des normes, orienter les choix technologiques et peser sur les d\u00e9cisions politiques.'><sup>19<\/sup><\/a><\/span> comme VW \u00e0 freiner l\u2019\u00e9mergence d\u2019une nouvelle technologie pour pouvoir garder le plus longtemps possible la rente de monopole li\u00e9e \u00e0 la technologie existante. Et cette tendance des monopoles a frein\u00e9 le progr\u00e8s pour prot\u00e9ger une rente de monopole se paie cash aujourd\u2019hui pour l\u2019industrie automobile europ\u00e9enne. L\u2019Agence internationale de l\u2019\u00e9nergie confirme l\u2019ampleur du basculement technologique et du retard pris par les constructeurs europ\u00e9ens : en 2025, pr\u00e8s de 55 % des nouvelles voitures vendues en Chine sont \u00e9lectriques. Les constructeurs chinois fournissent environ 60 % des ventes mondiales de voitures \u00e9lectriques, alors que les constructeurs europ\u00e9ens et nord-am\u00e9ricains p\u00e8sent chacun environ 15 %<span id='easy-footnote-20-60240' class='easy-footnote-margin-adjust'><\/span><span class='easy-footnote'><a href='https:\/\/lavamedia.be\/fr\/vw-2-6-milliards-de-dividendes-et-100-000-pertes-demplois\/#easy-footnote-bottom-20-60240' title='Sources : IEA, Global EV Outlook 2026, &lt;a href=&quot;https:\/\/www.iea.org\/reports\/global-ev-outlook-2026\/trends-in-electric-cars&quot;&gt;https:\/\/www.iea.org\/reports\/global-ev-outlook-2026\/trends-in-electric-cars&lt;\/a&gt; ; IEA, Global EV Outlook 2026 Executive Summary, &lt;a href=&quot;https:\/\/www.iea.org\/reports\/global-ev-outlook-2026\/executive-summary&quot;&gt;https:\/\/www.iea.org\/reports\/global-ev-outlook-2026\/executive-summary&lt;\/a&gt;'><sup>20<\/sup><\/a><\/span>.<\/p>\n<p><strong>Les gros SUV.<\/strong> Les constructeurs europ\u00e9ens ont aussi maximis\u00e9 leurs marges en misant sur les gros SUV \u2013 des mod\u00e8les lourds, chers et \u00e0 forte marge \u2013 au d\u00e9triment de petites voitures abordables. La part des SUV dans les ventes automobiles est ainsi pass\u00e9e de 24 % en 2016 \u00e0 54 % en 2024, puis \u00e0 59 % en 2025<span id='easy-footnote-21-60240' class='easy-footnote-margin-adjust'><\/span><span class='easy-footnote'><a href='https:\/\/lavamedia.be\/fr\/vw-2-6-milliards-de-dividendes-et-100-000-pertes-demplois\/#easy-footnote-bottom-21-60240' title='Jato Dynamics : &lt;a href=&quot;https:\/\/www.larmor.info\/suv-les-plus-vendus-en-europe-en-2025-classement-et-tendances\/&quot;&gt;https:\/\/www.larmor.info\/suv-les-plus-vendus-en-europe-en-2025-classement-et-tendances\/&lt;\/a&gt;'><sup>21<\/sup><\/a><\/span>. Cette strat\u00e9gie a am\u00e9lior\u00e9 les marges \u00e0 court terme, mais elle a aussi \u00e9loign\u00e9 une partie des m\u00e9nages du march\u00e9 du neuf et retard\u00e9 l\u2019offre europ\u00e9enne de voitures \u00e9lectriques simples, accessibles et produites \u00e0 grande \u00e9chelle<span id='easy-footnote-22-60240' class='easy-footnote-margin-adjust'><\/span><span class='easy-footnote'><a href='https:\/\/lavamedia.be\/fr\/vw-2-6-milliards-de-dividendes-et-100-000-pertes-demplois\/#easy-footnote-bottom-22-60240' title='JATO Dynamics, 27 janvier 2025, &lt;a href=&quot;https:\/\/www.jato.com\/resources\/media-and-press-releases\/european-new-car-market-growth-in-2024-driven-by-hybrids-and-chinese-brands&quot;&gt;https:\/\/www.jato.com\/resources\/media-and-press-releases\/european-new-car-market-growth-in-2024-driven-by-hybrids-and-chinese-brands&lt;\/a&gt;.'><sup>22<\/sup><\/a><\/span>.<\/p>\n<p><strong>La Chine.<\/strong> Le mod\u00e8le allemand \u00e9tait structurellement exportateur : en 2024 encore, 78,2 % des voitures produites en Allemagne \u00e9taient destin\u00e9es \u00e0 l\u2019exportation ; m\u00eame en ne comptant que les destinations clairement identifi\u00e9es, environ 45 % de toute la production automobile allemande partait hors Union europ\u00e9enne<span id='easy-footnote-23-60240' class='easy-footnote-margin-adjust'><\/span><span class='easy-footnote'><a href='https:\/\/lavamedia.be\/fr\/vw-2-6-milliards-de-dividendes-et-100-000-pertes-demplois\/#easy-footnote-bottom-23-60240' title='&lt;a href=&quot;https:\/\/www.vda.de\/en\/news\/facts-and-figures\/annual-figures\/exports&quot;&gt;https:\/\/www.vda.de\/en\/news\/facts-and-figures\/annual-figures\/exports&lt;\/a&gt;'><sup>23<\/sup><\/a><\/span>. En 2021, la Chine \u00e9tait encore le principal d\u00e9bouch\u00e9 des produits automobiles allemands et de leurs fournisseurs, pour pr\u00e8s de 30,1 milliards d\u2019euros<span id='easy-footnote-24-60240' class='easy-footnote-margin-adjust'><\/span><span class='easy-footnote'><a href='https:\/\/lavamedia.be\/fr\/vw-2-6-milliards-de-dividendes-et-100-000-pertes-demplois\/#easy-footnote-bottom-24-60240' title='&lt;a href=&quot;https:\/\/www.vda.de\/en\/news\/articles\/china-Partner-and-competitor-in-the-automotive-industry&quot;&gt;https:\/\/www.vda.de\/en\/news\/articles\/china-Partner-and-competitor-in-the-automotive-industry&lt;\/a&gt;'><sup>24<\/sup><\/a><\/span>. Cela s\u2019appelait alors \u201ccomp\u00e9titivit\u00e9\u201d allemande. Pr\u00e9cis\u00e9ment, en 2021, les exportations de voitures produites en Allemagne vers la Chine \u00e9taient de 270 000 unit\u00e9s. Aujourd\u2019hui, ces exportations s\u2019effondrent. En 2025, l\u2019Allemagne n\u2019exportait plus que 98 313 v\u00e9hicules, soit un effondrement des exportations vers la Chine de plus de 60% en quelques ann\u00e9es.<\/p>\n<p>Les constructeurs allemands ont aussi r\u00e9alis\u00e9 de gros profits gr\u00e2ce \u00e0 leur production locale en Chine. Ils n\u2019ont pas seulement export\u00e9 vers ce march\u00e9 : ils l\u2019ont occup\u00e9 massivement avec des v\u00e9hicules de marques allemandes produits sur place, via des coentreprises et des sites industriels locaux. En 2021, une voiture sur trois produite dans le monde par les groupes allemands \u00e9tait vendue en Chine, et aucun autre pays \u00e9tranger ne produisait autant de voitures allemandes que la Chine, avec 4,3 millions d\u2019unit\u00e9s cette ann\u00e9e-l\u00e0<span id='easy-footnote-25-60240' class='easy-footnote-margin-adjust'><\/span><span class='easy-footnote'><a href='https:\/\/lavamedia.be\/fr\/vw-2-6-milliards-de-dividendes-et-100-000-pertes-demplois\/#easy-footnote-bottom-25-60240' title='&lt;a href=&quot;https:\/\/www.vda.de\/en\/news\/articles\/china-Partner-and-competitor-in-the-automotive-industry&quot;&gt;https:\/\/www.vda.de\/en\/news\/articles\/china-Partner-and-competitor-in-the-automotive-industry&lt;\/a&gt;'><sup>25<\/sup><\/a><\/span>. Pendant des ann\u00e9es, cela a \u00e9t\u00e9 l\u2019un des piliers de la rentabilit\u00e9 automobile allemande.<\/p>\n<blockquote><p>Les constructeurs europ\u00e9ens ont maximis\u00e9 leurs marges en misant sur les gros SUV \u2013 des mod\u00e8les lourds, chers et \u00e0 forte marge \u2013 au d\u00e9triment de petites voitures abordables.<\/p><\/blockquote>\n<p>Mais aujourd\u2019hui le mod\u00e8le se retourne aussi. L\u00e0 o\u00f9 l&rsquo;automobile allemande \u00e9tait autrefois synonyme de technologie et de qualit\u00e9, elle est aujourd&rsquo;hui critiqu\u00e9e, parfois moqu\u00e9e \u2013 dans les essais automobiles, dans la presse sp\u00e9cialis\u00e9e \u2013 pour son retard technologique, en particulier dans l&rsquo;\u00e9lectrique, la batterie, les logiciels embarqu\u00e9s et la voiture autonome. La part de march\u00e9 des constructeurs allemands en Chine est pass\u00e9e d\u2019environ 24 % en 2020 \u00e0 environ 15 % sur les neuf premiers mois de 2024<span id='easy-footnote-26-60240' class='easy-footnote-margin-adjust'><\/span><span class='easy-footnote'><a href='https:\/\/lavamedia.be\/fr\/vw-2-6-milliards-de-dividendes-et-100-000-pertes-demplois\/#easy-footnote-bottom-26-60240' title='&lt;a href=&quot;https:\/\/merics.org\/en\/comment\/german-carmakers-are-placing-risky-bet-china&quot;&gt;https:\/\/merics.org\/en\/comment\/german-carmakers-are-placing-risky-bet-china&lt;\/a&gt;'><sup>26<\/sup><\/a><\/span>. Le d\u00e9bouch\u00e9 chinois, qui avait longtemps permis \u00e0 l\u2019industrie automobile allemande d\u2019\u00e9couler une production bien sup\u00e9rieure \u00e0 son march\u00e9 int\u00e9rieur et de r\u00e9aliser des profits consid\u00e9rables, est donc en train de devenir son contraire : non plus un moteur de rentabilit\u00e9, mais le lieu o\u00f9 se r\u00e9v\u00e8le son retard technologique.<\/p>\n<h2>D\u2019une impasse \u00e0 l&rsquo;autre: freiner l\u2019\u00e9lectrique, puis chercher le salut dans le militaire<\/h2>\n<p>Face \u00e0 cette crise, une partie croissante de l\u2019industrie automobile europ\u00e9enne s\u2019enferme dans deux nouvelles impasses.<\/p>\n<p>La premi\u00e8re consiste \u00e0 continuer \u00e0 freiner le passage \u00e0 l\u2019\u00e9lectrique pour faire durer le moteur thermique le plus longtemps possible. Le secteur ne le dit \u00e9videmment pas dans ces termes. Il parle de \u201cneutralit\u00e9 technologique\u201d, de \u201cflexibilit\u00e9\u201d ou de \u201cr\u00e9alisme industriel\u201d. Mais concr\u00e8tement, l\u2019ACEA, le lobby europ\u00e9en des constructeurs automobiles, affirme que les objectifs europ\u00e9ens de CO\u2082 pour 2030 et 2035 ne sont plus atteignables et demande une approche plus flexible, incluant notamment les hybrides rechargeables, les prolongateurs d\u2019autonomie, l\u2019hydrog\u00e8ne et d\u2019autres carburants. En d\u00e9cembre 2025, la Commission europ\u00e9enne a d\u2019ailleurs pr\u00e9sent\u00e9 un paquet automobile qui assouplit l\u2019objectif de 2035 : au lieu d\u2019une r\u00e9duction de 100 % des \u00e9missions \u00e0 l\u2019\u00e9chappement, les constructeurs devront atteindre 90 %, les 10 % restants pouvant \u00eatre compens\u00e9s par l\u2019usage d\u2019acier bas-carbone europ\u00e9en, d\u2019e-fuels ou de biocarburants<span id='easy-footnote-27-60240' class='easy-footnote-margin-adjust'><\/span><span class='easy-footnote'><a href='https:\/\/lavamedia.be\/fr\/vw-2-6-milliards-de-dividendes-et-100-000-pertes-demplois\/#easy-footnote-bottom-27-60240' title='&lt;a href=&quot;https:\/\/www.acea.auto\/news\/2030-2035-targets-for-cars-and-vans-not-achievable-europe-needs-smarter-regulatory-path-and-distinct-approach\/&quot;&gt;https:\/\/www.acea.auto\/news\/2030-2035-targets-for-cars-and-vans-not-achievable-europe-needs-smarter-regulatory-path-and-distinct-approach\/&lt;\/a&gt;'><sup>27<\/sup><\/a><\/span>.<\/p>\n<p>Cette strat\u00e9gie est une impasse. La coexistence prolong\u00e9e entre deux syst\u00e8mes industriels \u2014 thermique et \u00e9lectrique \u2014 co\u00fbte tr\u00e8s cher. Elle disperse les investissements, ralentit les \u00e9conomies d\u2019\u00e9chelle dans les batteries, les plateformes \u00e9lectriques, les logiciels et les cha\u00eenes d\u2019approvisionnement. Pendant que l\u2019Europe tergiverse, la Chine acc\u00e9l\u00e8re sa marche technologique.<\/p>\n<p>La seconde impasse est celle de la militarisation de l\u2019appareil de production : plusieurs constructeurs cherchent d\u00e9sormais des relais de croissance dans la militarisation de leur production. Le mouvement, d\u00e9j\u00e0 entam\u00e9 auparavant, s\u2019est nettement acc\u00e9l\u00e9r\u00e9 en 2025 et 2026. Et ce mouvement est encourag\u00e9 par le politique. Katherina Reiche, ministre allemande de l&rsquo;\u00c9conomie, d\u00e9clare ainsi : \u00ab L\u2019industrie automobile poss\u00e8de des comp\u00e9tences dont on a aujourd\u2019hui un besoin urgent dans le domaine de la d\u00e9fense \u00bb. Elle ajoute : \u00ab Construction l\u00e9g\u00e8re, technologies de propulsion modernes, capteurs, logiciels, assurance qualit\u00e9 de haute pr\u00e9cision : tout cela peut \u00eatre transf\u00e9r\u00e9 de mani\u00e8re cibl\u00e9e vers des applications militaires \u00bb<span id='easy-footnote-28-60240' class='easy-footnote-margin-adjust'><\/span><span class='easy-footnote'><a href='https:\/\/lavamedia.be\/fr\/vw-2-6-milliards-de-dividendes-et-100-000-pertes-demplois\/#easy-footnote-bottom-28-60240' title='Anne Sophie Feil, \u00ab Zivile Industrie soll R\u00fcstung st\u00e4rken \u00bb, ZDFheute, 2 d\u00e9cembre 2025. URL : &lt;a href=&quot;https:\/\/www.zdfheute.de\/wirtschaft\/ruestung-industrie-synergie-100.html&quot;&gt;https:\/\/www.zdfheute.de\/wirtschaft\/ruestung-industrie-synergie-100.html&lt;\/a&gt;'><sup>28<\/sup><\/a><\/span>.<\/p>\n<p>Daimler Truck a lanc\u00e9 la marque Daimler Truck Defence, avec un objectif de 1 milliard d\u2019euros de chiffre d\u2019affaires li\u00e9 \u00e0 la d\u00e9fense d\u2019ici 2028 et des investissements de plusieurs centaines de millions d\u2019euros<span id='easy-footnote-29-60240' class='easy-footnote-margin-adjust'><\/span><span class='easy-footnote'><a href='https:\/\/lavamedia.be\/fr\/vw-2-6-milliards-de-dividendes-et-100-000-pertes-demplois\/#easy-footnote-bottom-29-60240' title='Daimler Truck, 2026, &lt;a href=&quot;https:\/\/www.daimlertruck.com\/en\/newsroom\/pressrelease\/daimler-truck-expands-global-defence-business-53506055&quot;&gt;https:\/\/www.daimlertruck.com\/en\/newsroom\/pressrelease\/daimler-truck-expands-global-defence-business-53506055&lt;\/a&gt;'><sup>29<\/sup><\/a><\/span>.<\/p>\n<p>INEOS Automotive, SMT Defence et NMS UK ont form\u00e9 \u201cTeam Grenadier\u201d pour proposer des v\u00e9hicules bas\u00e9s sur la plateforme Grenadier au minist\u00e8re britannique de la D\u00e9fense<span id='easy-footnote-30-60240' class='easy-footnote-margin-adjust'><\/span><span class='easy-footnote'><a href='https:\/\/lavamedia.be\/fr\/vw-2-6-milliards-de-dividendes-et-100-000-pertes-demplois\/#easy-footnote-bottom-30-60240' title='INEOS Automotive, 17 juin 2026, &lt;a href=&quot;https:\/\/media.ineosgrenadier.com\/en\/news-articles\/ineos-automotive-joins-forces-with-smt-defence-and-nms-uk-to-deliver-for-the-ministry-of-defence.html&quot;&gt;https:\/\/media.ineosgrenadier.com\/en\/news-articles\/ineos-automotive-joins-forces-with-smt-defence-and-nms-uk-to-deliver-for-the-ministry-of-defence.html&lt;\/a&gt;'><sup>30<\/sup><\/a><\/span>.<\/p>\n<blockquote><p>La militarisation du secteur automobile est pr\u00e9sent\u00e9e comme une simple diversification industrielle. Mais, socialement et \u00e9conomiquement, c\u2019est une impasse.<\/p><\/blockquote>\n<p>Mercedes-Benz a \u00e9galement sign\u00e9 un protocole d\u2019accord avec la start-up allemande Tytan Technologies pour travailler sur des syst\u00e8mes anti-drones mobiles, notamment sur base de G-Class et de Sprinter. La soci\u00e9t\u00e9 ne donne pas encore de calendrier pr\u00e9cis ni de montant d\u2019investissement<span id='easy-footnote-31-60240' class='easy-footnote-margin-adjust'><\/span><span class='easy-footnote'><a href='https:\/\/lavamedia.be\/fr\/vw-2-6-milliards-de-dividendes-et-100-000-pertes-demplois\/#easy-footnote-bottom-31-60240' title='Mercedes-Benz Group, 11 juin 2026, https:\/\/group.mercedes-benz.com\/unternehmen\/news\/mou-tytan.html ; &lt;a href=&quot;https:\/\/www.welt.de\/newsticker\/dpa_nt\/infoline_nt\/wirtschaft_nt\/article6a299f425f783159b22afe11\/mercedes-will-mit-drohnen-start-up-tytan-kooperieren.html&quot;&gt;https:\/\/www.welt.de\/newsticker\/dpa_nt\/infoline_nt\/wirtschaft_nt\/article6a299f425f783159b22afe11\/mercedes-will-mit-drohnen-start-up-tytan-kooperieren.html&lt;\/a&gt;'><sup>31<\/sup><\/a><\/span>.<\/p>\n<p>Volkswagen aurait \u00e9t\u00e9 en discussions avec l\u2019entreprise isra\u00e9lienne Rafael Advanced Defense Systems pour convertir l\u2019usine d\u2019Osnabr\u00fcck vers la production de composants du syst\u00e8me antimissile Iron Dome. Il s\u2019agirait de produire des \u00e9l\u00e9ments de support comme des camions de transport, lanceurs ou g\u00e9n\u00e9rateurs<span id='easy-footnote-32-60240' class='easy-footnote-margin-adjust'><\/span><span class='easy-footnote'><a href='https:\/\/lavamedia.be\/fr\/vw-2-6-milliards-de-dividendes-et-100-000-pertes-demplois\/#easy-footnote-bottom-32-60240' title='https:\/\/www.ft.com\/content\/1e41e6db-792f-4f60-b567-adb6458fb072'><sup>32<\/sup><\/a><\/span>.<\/p>\n<p>Renault et Thales ont pr\u00e9sent\u00e9 le 4 TROOP, v\u00e9hicule tactique bas\u00e9 sur une plateforme civile Renault, et ont annonc\u00e9 un partenariat pour produire \u00e0 grande \u00e9chelle la munition t\u00e9l\u00e9op\u00e9r\u00e9e TOUTATIS, avec une capacit\u00e9 annonc\u00e9e de 1.000 unit\u00e9s par mois d\u00e8s la premi\u00e8re ann\u00e9e<span id='easy-footnote-33-60240' class='easy-footnote-margin-adjust'><\/span><span class='easy-footnote'><a href='https:\/\/lavamedia.be\/fr\/vw-2-6-milliards-de-dividendes-et-100-000-pertes-demplois\/#easy-footnote-bottom-33-60240' title='Renault Group 4 TROOP, 15 juin 2026, &lt;a href=&quot;https:\/\/media.renaultgroup.com\/eurosatory-2026-renault-group-et-thales-devoilent-4-troop-le-vehicule-tactique-innovant-dedie-aux-futurs-engagements-des-forces-terrestres\/?lang=fra&quot;&gt;https:\/\/media.renaultgroup.com\/eurosatory-2026-renault-group-et-thales-devoilent-4-troop-le-vehicule-tactique-innovant-dedie-aux-futurs-engagements-des-forces-terrestres\/?lang=fra&lt;\/a&gt; \/\/ Renault Group-Thales TOUTATIS, 16 juin 2026,&lt;a href=&quot;https:\/\/media.renaultgroup.com\/renault-group-et-thales-nouent-un-partenariat-strategique-pour-developper-une-filiere-drone-souveraine-en-france\/?lang=fra&quot;&gt; https:\/\/media.renaultgroup.com\/renault-group-et-thales-nouent-un-partenariat-strategique-pour-developper-une-filiere-drone-souveraine-en-france\/?lang=fra&lt;\/a&gt;'><sup>33<\/sup><\/a><\/span>. Et ce n\u2019est pas tout, le journal l\u2019Humanit\u00e9 explique que \u00ab\u00a0sous la pression d\u2019Emmanuel Macron et du gouvernement fran\u00e7ais, Renault (&#8230;), va se consacrer \u00e0 la fabrication de drones militaires \u00e0 l\u2019\u00e9chelle industrielle \u00bb<span id='easy-footnote-34-60240' class='easy-footnote-margin-adjust'><\/span><span class='easy-footnote'><a href='https:\/\/lavamedia.be\/fr\/vw-2-6-milliards-de-dividendes-et-100-000-pertes-demplois\/#easy-footnote-bottom-34-60240' title='&lt;a href=&quot;https:\/\/www.humanite.fr\/monde\/armement\/pourquoi-renault-est-requisitionne-dans-la-fabrication-de-drones-de-combat&quot;&gt;https:\/\/www.humanite.fr\/monde\/armement\/pourquoi-renault-est-requisitionne-dans-la-fabrication-de-drones-de-combat&lt;\/a&gt;'><sup>34<\/sup><\/a><\/span>.<\/p>\n<p>En janvier 2026, Renault a ainsi confirm\u00e9 son engagement dans le projet Chorus, en partenariat avec Turgis Gaillard. Le site Renault du Mans doit assembler ces drones militaires, avec une capacit\u00e9 pouvant atteindre 600 unit\u00e9s par mois en moins d\u2019un an<span id='easy-footnote-35-60240' class='easy-footnote-margin-adjust'><\/span><span class='easy-footnote'><a href='https:\/\/lavamedia.be\/fr\/vw-2-6-milliards-de-dividendes-et-100-000-pertes-demplois\/#easy-footnote-bottom-35-60240' title='&lt;a href=&quot;https:\/\/media.renaultgroup.com\/info-presse-drones\/?lang=fra&quot;&gt;https:\/\/media.renaultgroup.com\/info-presse-drones\/?lang=fra&lt;\/a&gt;'><sup>35<\/sup><\/a><\/span>. Il s\u2019agit d\u2019un contrat qui pourrait \u00ab lui rapporter jusqu\u2019\u00e0 1 milliard d\u2019euros sur 10 ans pour produire jusqu\u2019\u00e0 des milliers de drones multiusages \u00e0 longue port\u00e9e t\u00e9l\u00e9pilot\u00e9s \u2013 \u2018attaque ou surveillance, \u00e0 un prix extr\u00eamement comp\u00e9titif\u2019 rel\u00e8ve la fiche officielle consacr\u00e9e au projet. Ce drone de dix m\u00e8tres d\u2019envergure (&#8230;) sera construit dans les usines Renault, est-il pr\u00e9cis\u00e9 par le commanditaire, la direction G\u00e9n\u00e9ral de l\u2019Armement (DGA)\u00bb<span id='easy-footnote-36-60240' class='easy-footnote-margin-adjust'><\/span><span class='easy-footnote'><a href='https:\/\/lavamedia.be\/fr\/vw-2-6-milliards-de-dividendes-et-100-000-pertes-demplois\/#easy-footnote-bottom-36-60240' title='&lt;a href=&quot;https:\/\/www.humanite.fr\/monde\/armement\/pourquoi-renault-est-requisitionne-dans-la-fabrication-de-drones-de-combat&quot;&gt;https:\/\/www.humanite.fr\/monde\/armement\/pourquoi-renault-est-requisitionne-dans-la-fabrication-de-drones-de-combat&lt;\/a&gt;'><sup>36<\/sup><\/a><\/span>.<\/p>\n<p>La CGT du groupe Renault a imm\u00e9diatement r\u00e9agi n\u00e9gativement \u00e0 cette \u00e9volution. En janvier 2026, elle d\u00e9clarait : \u00ab Si Renault devait se diversifier, cela ne saurait se faire au d\u00e9triment de son \u00e9thique ni au prix d\u2019une implication dans des logiques guerri\u00e8re. Le c\u0153ur de m\u00e9tier de Renault, comme constructeur automobile, demeure avant tout la conception et la production de v\u00e9hicules r\u00e9pondant aux besoins des populations \u00bb<span id='easy-footnote-37-60240' class='easy-footnote-margin-adjust'><\/span><span class='easy-footnote'><a href='https:\/\/lavamedia.be\/fr\/vw-2-6-milliards-de-dividendes-et-100-000-pertes-demplois\/#easy-footnote-bottom-37-60240' title='&lt;a href=&quot;https:\/\/www.humanite.fr\/monde\/armement\/pourquoi-renault-est-requisitionne-dans-la-fabrication-de-drones-de-combat&quot;&gt;https:\/\/www.humanite.fr\/monde\/armement\/pourquoi-renault-est-requisitionne-dans-la-fabrication-de-drones-de-combat&lt;\/a&gt;'><sup>37<\/sup><\/a><\/span>. Et encore r\u00e9cemment, apr\u00e8s les annonces Renault-Thales , elle a de nouveau d\u00e9nonc\u00e9 \u00abl\u2019orientation militaire\u00bb du groupe : \u00abLa CGT-Renault s&rsquo;oppose \u00e0 l&rsquo;orientation militaire de l&rsquo;entreprise. Profiter de la marche \u00e0 la guerre ne sera jamais b\u00e9n\u00e9fique aux travailleurs. (&#8230;) Les discussions dans les bureaux et les ateliers d\u00e9montrent que de nombreux salari\u00e9s refusent cette orientation, car ils sont entr\u00e9s chez Renault pour fabriquer des voitures, pas des armes.\u00bb <span id='easy-footnote-38-60240' class='easy-footnote-margin-adjust'><\/span><span class='easy-footnote'><a href='https:\/\/lavamedia.be\/fr\/vw-2-6-milliards-de-dividendes-et-100-000-pertes-demplois\/#easy-footnote-bottom-38-60240' title='&lt;a href=&quot;https:\/\/journalauto.com\/constructeurs\/la-diversification-de-renault-dans-la-defense-suscite-la-colere-de-la-cgt\/&quot;&gt;https:\/\/journalauto.com\/constructeurs\/la-diversification-de-renault-dans-la-defense-suscite-la-colere-de-la-cgt\/&lt;\/a&gt;'><sup>38<\/sup><\/a><\/span><\/p>\n<p>Cette militarisation est pr\u00e9sent\u00e9e comme une simple diversification industrielle. Mais socialement et \u00e9conomiquement, c\u2019est une impasse. L\u2019argent, les comp\u00e9tences d\u2019ing\u00e9nierie, les capacit\u00e9s de production et les cha\u00eenes d\u2019approvisionnement qui vont vers l\u2019armement ne vont pas vers les batteries, les logiciels, la conduite autonome, les petites voitures \u00e9lectriques accessibles ou le r\u00e9seau \u00e9lectrique n\u00e9cessaire \u00e0 la transition. \u00c0 court terme, cette fuite en avant peut offrir des contrats. \u00c0 long terme, elle risque de creuser encore le retard de l\u2019industrie automobile europ\u00e9enne dans la voiture de demain.<\/p>\n<p>Surtout, l\u2019\u00e9conomie de guerre cr\u00e9e sa propre logique. Comme nous l\u2019avons d\u00e9j\u00e0 \u00e9crit : \u00ab Faire de la militarisation le moteur de la r\u00e9industrialisation m\u00e8nera soit \u00e0 la guerre, soit \u00e0 la crise \u2014 et dans les deux cas, au d\u00e9clin industriel. La crise car sans guerre, pas de d\u00e9bouch\u00e9s durables. La guerre, car c\u2019est alors le seul moyen d\u2019\u00e9viter la crise du secteur. Et finalement au d\u00e9clin de l\u2019ensemble de notre industrie car les d\u00e9penses militaires se font au d\u00e9triment d\u2019autres investissements strat\u00e9giques pour notre industrie \u00bb<span id='easy-footnote-39-60240' class='easy-footnote-margin-adjust'><\/span><span class='easy-footnote'><a href='https:\/\/lavamedia.be\/fr\/vw-2-6-milliards-de-dividendes-et-100-000-pertes-demplois\/#easy-footnote-bottom-39-60240' title='&lt;a href=&quot;https:\/\/lavamedia.be\/fr\/pourquoi-militariser-leconomie-europeenne-ne-va-pas-sauver-notre-industrie\/&quot;&gt;https:\/\/lavamedia.be\/fr\/pourquoi-militariser-leconomie-europeenne-ne-va-pas-sauver-notre-industrie\/&lt;\/a&gt; et video Fakto &lt;a href=&quot;https:\/\/www.youtube.com\/watch?v=oeY5VsFQTmI&amp;amp;t=9s&quot;&gt;https:\/\/www.youtube.com\/watch?v=oeY5VsFQTmI&amp;amp;t=9s&lt;\/a&gt;'><sup>39<\/sup><\/a><\/span>.<\/p>\n<h2>Il est urgent de prendre une toute autre voie<\/h2>\n<p>La crise actuelle n\u2019est pas une fatalit\u00e9 technologique. Elle n\u2019est pas tomb\u00e9e du ciel. Elle est le r\u00e9sultat d\u2019une logique capitaliste \u00e0 l\u2019\u00e8re des monopoles : les grands constructeurs choisissent de pr\u00e9server une vieille technologie pour maintenir le plus longtemps leur rente de monopole. Ils veulent maintenant faire payer aux travailleurs et travailleuses les cons\u00e9quences de ces choix. Et, au lieu d\u2019investir massivement dans la voiture du futur, une partie croissante du secteur s\u2019oriente vers la militarisation.<\/p>\n<p>Il faut imposer une autre logique.<\/p>\n<p>D\u2019abord, les dividendes et les rachats d\u2019actions des ann\u00e9es de profits doivent \u00eatre mis \u00e0 contribution. Quand un groupe a distribu\u00e9 des milliards aux actionnaires, il ne peut pas ensuite pr\u00e9senter la facture aux travailleurs. Une taxe exceptionnelle doit \u00eatre pr\u00e9lev\u00e9e sur les dividendes et les rachats d\u2019actions vers\u00e9s par les grands groupes automobiles ces derni\u00e8res ann\u00e9es. Ces moyens doivent revenir \u00e0 la recherche-d\u00e9veloppement, \u00e0 la transition vers la voiture \u00e9lectrique et autonome, \u00e0 la formation des travailleurs et au maintien de l\u2019emploi. Pas un euro d\u2019aide publique ne doit aller \u00e0 des groupes qui licencient, ferment des usines ou distribuent des dividendes.<\/p>\n<blockquote><p>L\u2019industrie automobile europ\u00e9enne a un avenir. Mais pas en laissant le secteur dans les mains de ceux qui ont rat\u00e9 le virage industriel ou dans les mains de ceux qui veulent sauver le secteur en le militarisant.<\/p><\/blockquote>\n<p>Ensuite, il faut un vrai plan industriel europ\u00e9en pour l\u2019\u00e9lectrification du transport: transports publics \u00e9lectriques (bus, tram, m\u00e9tro, train) et voiture \u00e9lectrique abordable. Pas d\u2019abord des mod\u00e8les premium \u00e0 plus de 70 000 euros. L\u2019enjeu est de produire des v\u00e9hicules \u00e9lectriques plus petits, plus simples, r\u00e9parables, \u00e9conomes en mat\u00e9riaux et financi\u00e8rement accessibles. L\u2019enjeu est de d\u00e9velopper des bus, v\u00e9lo et moto \u00e9lectriques.<\/p>\n<p>Il faut aussi investir massivement dans les conditions mat\u00e9rielles de l\u2019\u00e9lectrification : production d\u2019\u00e9lectricit\u00e9 bas-carbone, r\u00e9seaux \u00e9lectriques, bornes de recharge, batteries, recyclage, transports publics et planification d\u00e9mocratique de la mobilit\u00e9. Sans \u00e9nergie abondante, propre et abordable, l\u2019\u00e9lectrification restera fragile et in\u00e9galitaire. Elle risque de devenir une transition r\u00e9serv\u00e9e \u00e0 ceux qui peuvent payer, pendant que les travailleurs sont exclus du march\u00e9 du neuf ou condamn\u00e9s \u00e0 garder des v\u00e9hicules vieillissants.<\/p>\n<p>Enfin, il faut refuser que la crise automobile soit utilis\u00e9e pour pousser l\u2019industrie vers l\u2019\u00e9conomie de guerre. Les comp\u00e9tences des travailleurs de l\u2019automobile sont pr\u00e9cieuses : m\u00e9tallurgie, \u00e9lectronique, logiciels, batteries, assemblage, logistique, maintenance. Elles doivent servir \u00e0 produire des biens utiles \u00e0 la population, pas \u00e0 enfermer l\u2019Europe dans une logique de militarisation, de r\u00e9armement permanent et de confrontation.<\/p>\n<p>L\u2019industrie automobile europ\u00e9enne a un avenir. Mais pas en laissant le secteur dans les mains de ceux qui ont rat\u00e9 le virage industrie ou dans les mains de ceux qui veulent sauver le secteur en le militarisant. L\u2019enjeu n\u2019est pas de sauver les marges des actionnaires. L\u2019enjeu n\u2019est pas de transformer les usines automobiles en ateliers de guerre. L\u2019enjeu est de sauver les emplois, les savoir-faire, les sites industriels et la capacit\u00e9 de produire autrement. L\u2019enjeu est de mettre l\u2019industrie au service des besoins de la population et de la soci\u00e9t\u00e9.<\/p>\n","protected":false},"excerpt":{"rendered":"<p>Restructurations, licenciements, usines qui ferment : l&rsquo;industrie automobile europ\u00e9enne vacille et se reconvertit dans l&rsquo;armement. Elle choisit les profits pour ses actionnaires, la crise technologique et la guerre, alors que la prosp\u00e9rit\u00e9 et la paix sont possibles.<\/p>\n","protected":false},"author":3740,"featured_media":60243,"comment_status":"closed","ping_status":"open","sticky":false,"template":"","format":"standard","meta":{"_acf_changed":false,"footnotes":""},"categories":[16,17],"tags":[],"class_list":["post-60240","post","type-post","status-publish","format-standard","has-post-thumbnail","hentry","category-article-fr","category-articles-fr"],"acf":[],"aioseo_notices":[],"aioseo_head":"\n\t\t<!-- All in One SEO 5.0.1.1 - aioseo.com -->\n\t<meta name=\"description\" content=\"Restructurations, licenciements, usines qui ferment : l&#039;industrie automobile europ\u00e9enne vacille et se reconvertit dans l&#039;armement. Elle choisit les profits pour ses actionnaires, la crise technologique et la guerre, alors que la prosp\u00e9rit\u00e9 et la paix sont possibles.\" \/>\n\t<meta name=\"robots\" content=\"max-image-preview:large\" \/>\n\t<meta name=\"author\" content=\"Benjamin Pestieau est responsable des relations syndicales du PTB.\"\/>\n\t<meta name=\"google-site-verification\" content=\"M91YhmyZU9gzTRUuTNiNii1YDMlCdjob5YRHRK47qsw\" \/>\n\t<link rel=\"canonical\" href=\"https:\/\/lavamedia.be\/fr\/vw-2-6-milliards-de-dividendes-et-100-000-pertes-demplois\/\" \/>\n\t<meta name=\"generator\" content=\"All in One SEO (AIOSEO) 5.0.1.1\" \/>\n\t\t<meta property=\"og:locale\" content=\"fr_FR\" \/>\n\t\t<meta property=\"og:site_name\" content=\"Lava Media\" \/>\n\t\t<meta property=\"og:type\" content=\"article\" \/>\n\t\t<meta property=\"og:title\" content=\"La voiture du futur n\u2019est pas un tank | Lava\" \/>\n\t\t<meta property=\"og:description\" content=\"Restructurations, licenciements, usines qui ferment : l&#039;industrie automobile europ\u00e9enne vacille et se reconvertit dans l&#039;armement. Elle choisit les profits pour ses actionnaires, la crise technologique et la guerre, alors que la prosp\u00e9rit\u00e9 et la paix sont possibles.\" \/>\n\t\t<meta property=\"og:url\" content=\"https:\/\/lavamedia.be\/fr\/vw-2-6-milliards-de-dividendes-et-100-000-pertes-demplois\/\" \/>\n\t\t<meta property=\"fb:app_id\" content=\"846358645511450\" \/>\n\t\t<meta property=\"og:image\" content=\"https:\/\/lavamedia.be\/wp-content\/uploads\/2026\/07\/shutterstock_2537326751-scaled.jpg\" \/>\n\t\t<meta property=\"og:image:secure_url\" content=\"https:\/\/lavamedia.be\/wp-content\/uploads\/2026\/07\/shutterstock_2537326751-scaled.jpg\" \/>\n\t\t<meta property=\"og:image:width\" content=\"2560\" \/>\n\t\t<meta property=\"og:image:height\" content=\"1707\" \/>\n\t\t<meta property=\"article:published_time\" content=\"2026-07-02T12:52:56+00:00\" \/>\n\t\t<meta property=\"article:modified_time\" content=\"2026-07-15T07:42:10+00:00\" \/>\n\t\t<meta name=\"twitter:card\" content=\"summary\" \/>\n\t\t<meta name=\"twitter:title\" content=\"La voiture du futur n\u2019est pas un tank | Lava\" \/>\n\t\t<meta name=\"twitter:description\" content=\"Restructurations, licenciements, usines qui ferment : l&#039;industrie automobile europ\u00e9enne vacille et se reconvertit dans l&#039;armement. Elle choisit les profits pour ses actionnaires, la crise technologique et la guerre, alors que la prosp\u00e9rit\u00e9 et la paix sont possibles.\" \/>\n\t\t<meta name=\"twitter:image\" content=\"https:\/\/lavamedia.be\/wp-content\/uploads\/2026\/07\/shutterstock_2537326751-scaled.jpg\" \/>\n\t\t<script type=\"application\/ld+json\" class=\"aioseo-schema\">\n\t\t\t{\"@context\":\"https:\\\/\\\/schema.org\",\"@graph\":[{\"@type\":\"Article\",\"@id\":\"https:\\\/\\\/lavamedia.be\\\/fr\\\/vw-2-6-milliards-de-dividendes-et-100-000-pertes-demplois\\\/#article\",\"name\":\"La voiture du futur n\\u2019est pas un tank | Lava\",\"headline\":\"La voiture du futur n&rsquo;est pas un tank\",\"author\":{\"@id\":\"https:\\\/\\\/lavamedia.be\\\/fr\\\/author\\\/benjaminpestieau\\\/#author\"},\"publisher\":{\"@id\":\"https:\\\/\\\/lavamedia.be\\\/fr\\\/#organization\"},\"image\":{\"@type\":\"ImageObject\",\"url\":\"https:\\\/\\\/lavamedia.be\\\/wp-content\\\/uploads\\\/2026\\\/07\\\/shutterstock_2537326751-scaled.jpg\",\"width\":2560,\"height\":1707,\"caption\":\"Shutterstock\"},\"datePublished\":\"2026-07-02T14:52:56+02:00\",\"dateModified\":\"2026-07-15T09:42:10+02:00\",\"inLanguage\":\"fr-FR\",\"mainEntityOfPage\":{\"@id\":\"https:\\\/\\\/lavamedia.be\\\/fr\\\/vw-2-6-milliards-de-dividendes-et-100-000-pertes-demplois\\\/#webpage\"},\"isPartOf\":{\"@id\":\"https:\\\/\\\/lavamedia.be\\\/fr\\\/vw-2-6-milliards-de-dividendes-et-100-000-pertes-demplois\\\/#webpage\"},\"articleSection\":\"Article, Articles, Optional\"},{\"@type\":\"BreadcrumbList\",\"@id\":\"https:\\\/\\\/lavamedia.be\\\/fr\\\/vw-2-6-milliards-de-dividendes-et-100-000-pertes-demplois\\\/#breadcrumblist\",\"itemListElement\":[{\"@type\":\"ListItem\",\"@id\":\"https:\\\/\\\/lavamedia.be\\\/fr\\\/#listItem\",\"position\":1,\"name\":\"Home\",\"item\":\"https:\\\/\\\/lavamedia.be\\\/fr\\\/\",\"nextItem\":{\"@type\":\"ListItem\",\"@id\":\"https:\\\/\\\/lavamedia.be\\\/fr\\\/category\\\/articles-fr\\\/#listItem\",\"name\":\"Articles\"}},{\"@type\":\"ListItem\",\"@id\":\"https:\\\/\\\/lavamedia.be\\\/fr\\\/category\\\/articles-fr\\\/#listItem\",\"position\":2,\"name\":\"Articles\",\"item\":\"https:\\\/\\\/lavamedia.be\\\/fr\\\/category\\\/articles-fr\\\/\",\"nextItem\":{\"@type\":\"ListItem\",\"@id\":\"https:\\\/\\\/lavamedia.be\\\/fr\\\/category\\\/articles-fr\\\/article-fr\\\/#listItem\",\"name\":\"Article\"},\"previousItem\":{\"@type\":\"ListItem\",\"@id\":\"https:\\\/\\\/lavamedia.be\\\/fr\\\/#listItem\",\"name\":\"Home\"}},{\"@type\":\"ListItem\",\"@id\":\"https:\\\/\\\/lavamedia.be\\\/fr\\\/category\\\/articles-fr\\\/article-fr\\\/#listItem\",\"position\":3,\"name\":\"Article\",\"item\":\"https:\\\/\\\/lavamedia.be\\\/fr\\\/category\\\/articles-fr\\\/article-fr\\\/\",\"nextItem\":{\"@type\":\"ListItem\",\"@id\":\"https:\\\/\\\/lavamedia.be\\\/fr\\\/vw-2-6-milliards-de-dividendes-et-100-000-pertes-demplois\\\/#listItem\",\"name\":\"La voiture du futur n&rsquo;est pas un tank\"},\"previousItem\":{\"@type\":\"ListItem\",\"@id\":\"https:\\\/\\\/lavamedia.be\\\/fr\\\/category\\\/articles-fr\\\/#listItem\",\"name\":\"Articles\"}},{\"@type\":\"ListItem\",\"@id\":\"https:\\\/\\\/lavamedia.be\\\/fr\\\/vw-2-6-milliards-de-dividendes-et-100-000-pertes-demplois\\\/#listItem\",\"position\":4,\"name\":\"La voiture du futur n&rsquo;est pas un tank\",\"previousItem\":{\"@type\":\"ListItem\",\"@id\":\"https:\\\/\\\/lavamedia.be\\\/fr\\\/category\\\/articles-fr\\\/article-fr\\\/#listItem\",\"name\":\"Article\"}}]},{\"@type\":\"Organization\",\"@id\":\"https:\\\/\\\/lavamedia.be\\\/fr\\\/#organization\",\"name\":\"Lava\",\"description\":\"Tijdschrift voor sociale kritiek en marxistische analyses.\",\"url\":\"https:\\\/\\\/lavamedia.be\\\/fr\\\/\"},{\"@type\":\"Person\",\"@id\":\"https:\\\/\\\/lavamedia.be\\\/fr\\\/author\\\/benjaminpestieau\\\/#author\",\"url\":\"https:\\\/\\\/lavamedia.be\\\/fr\\\/author\\\/benjaminpestieau\\\/\",\"name\":\"Benjamin Pestieau est responsable des relations syndicales du PTB.\",\"image\":{\"@type\":\"ImageObject\",\"@id\":\"https:\\\/\\\/lavamedia.be\\\/fr\\\/vw-2-6-milliards-de-dividendes-et-100-000-pertes-demplois\\\/#authorImage\",\"url\":\"https:\\\/\\\/lavamedia.be\\\/wp-content\\\/uploads\\\/2024\\\/09\\\/246641347_10159970670099767_1689498470941467254_n-100x100.jpg\",\"width\":96,\"height\":96,\"caption\":\"Benjamin Pestieau est responsable des relations syndicales du PTB.\"}},{\"@type\":\"WebPage\",\"@id\":\"https:\\\/\\\/lavamedia.be\\\/fr\\\/vw-2-6-milliards-de-dividendes-et-100-000-pertes-demplois\\\/#webpage\",\"url\":\"https:\\\/\\\/lavamedia.be\\\/fr\\\/vw-2-6-milliards-de-dividendes-et-100-000-pertes-demplois\\\/\",\"name\":\"La voiture du futur n\\u2019est pas un tank | Lava\",\"description\":\"Restructurations, licenciements, usines qui ferment : l'industrie automobile europ\\u00e9enne vacille et se reconvertit dans l'armement. Elle choisit les profits pour ses actionnaires, la crise technologique et la guerre, alors que la prosp\\u00e9rit\\u00e9 et la paix sont possibles.\",\"inLanguage\":\"fr-FR\",\"isPartOf\":{\"@id\":\"https:\\\/\\\/lavamedia.be\\\/fr\\\/#website\"},\"breadcrumb\":{\"@id\":\"https:\\\/\\\/lavamedia.be\\\/fr\\\/vw-2-6-milliards-de-dividendes-et-100-000-pertes-demplois\\\/#breadcrumblist\"},\"author\":{\"@id\":\"https:\\\/\\\/lavamedia.be\\\/fr\\\/author\\\/benjaminpestieau\\\/#author\"},\"creator\":{\"@id\":\"https:\\\/\\\/lavamedia.be\\\/fr\\\/author\\\/benjaminpestieau\\\/#author\"},\"image\":{\"@type\":\"ImageObject\",\"url\":\"https:\\\/\\\/lavamedia.be\\\/wp-content\\\/uploads\\\/2026\\\/07\\\/shutterstock_2537326751-scaled.jpg\",\"@id\":\"https:\\\/\\\/lavamedia.be\\\/fr\\\/vw-2-6-milliards-de-dividendes-et-100-000-pertes-demplois\\\/#mainImage\",\"width\":2560,\"height\":1707,\"caption\":\"Shutterstock\"},\"primaryImageOfPage\":{\"@id\":\"https:\\\/\\\/lavamedia.be\\\/fr\\\/vw-2-6-milliards-de-dividendes-et-100-000-pertes-demplois\\\/#mainImage\"},\"datePublished\":\"2026-07-02T14:52:56+02:00\",\"dateModified\":\"2026-07-15T09:42:10+02:00\"},{\"@type\":\"WebSite\",\"@id\":\"https:\\\/\\\/lavamedia.be\\\/fr\\\/#website\",\"url\":\"https:\\\/\\\/lavamedia.be\\\/fr\\\/\",\"name\":\"LAVA\",\"description\":\"Tijdschrift voor sociale kritiek en marxistische analyses.\",\"inLanguage\":\"fr-FR\",\"publisher\":{\"@id\":\"https:\\\/\\\/lavamedia.be\\\/fr\\\/#organization\"}}]}\n\t\t<\/script>\n\t\t<!-- All in One SEO -->\n\n","aioseo_head_json":{"title":"La voiture du futur n\u2019est pas un tank | Lava","description":"Restructurations, licenciements, usines qui ferment : l'industrie automobile europ\u00e9enne vacille et se reconvertit dans l'armement. Elle choisit les profits pour ses actionnaires, la crise technologique et la guerre, alors que la prosp\u00e9rit\u00e9 et la paix sont possibles.","canonical_url":"https:\/\/lavamedia.be\/fr\/vw-2-6-milliards-de-dividendes-et-100-000-pertes-demplois\/","robots":"max-image-preview:large","keywords":"","webmasterTools":{"google-site-verification":"M91YhmyZU9gzTRUuTNiNii1YDMlCdjob5YRHRK47qsw","miscellaneous":""},"schema":{"@context":"https:\/\/schema.org","@graph":[{"@type":"Article","@id":"https:\/\/lavamedia.be\/fr\/vw-2-6-milliards-de-dividendes-et-100-000-pertes-demplois\/#article","name":"La voiture du futur n\u2019est pas un tank | Lava","headline":"La voiture du futur n&rsquo;est pas un tank","author":{"@id":"https:\/\/lavamedia.be\/fr\/author\/benjaminpestieau\/#author"},"publisher":{"@id":"https:\/\/lavamedia.be\/fr\/#organization"},"image":{"@type":"ImageObject","url":"https:\/\/lavamedia.be\/wp-content\/uploads\/2026\/07\/shutterstock_2537326751-scaled.jpg","width":2560,"height":1707,"caption":"Shutterstock"},"datePublished":"2026-07-02T14:52:56+02:00","dateModified":"2026-07-15T09:42:10+02:00","inLanguage":"fr-FR","mainEntityOfPage":{"@id":"https:\/\/lavamedia.be\/fr\/vw-2-6-milliards-de-dividendes-et-100-000-pertes-demplois\/#webpage"},"isPartOf":{"@id":"https:\/\/lavamedia.be\/fr\/vw-2-6-milliards-de-dividendes-et-100-000-pertes-demplois\/#webpage"},"articleSection":"Article, Articles, Optional"},{"@type":"BreadcrumbList","@id":"https:\/\/lavamedia.be\/fr\/vw-2-6-milliards-de-dividendes-et-100-000-pertes-demplois\/#breadcrumblist","itemListElement":[{"@type":"ListItem","@id":"https:\/\/lavamedia.be\/fr\/#listItem","position":1,"name":"Home","item":"https:\/\/lavamedia.be\/fr\/","nextItem":{"@type":"ListItem","@id":"https:\/\/lavamedia.be\/fr\/category\/articles-fr\/#listItem","name":"Articles"}},{"@type":"ListItem","@id":"https:\/\/lavamedia.be\/fr\/category\/articles-fr\/#listItem","position":2,"name":"Articles","item":"https:\/\/lavamedia.be\/fr\/category\/articles-fr\/","nextItem":{"@type":"ListItem","@id":"https:\/\/lavamedia.be\/fr\/category\/articles-fr\/article-fr\/#listItem","name":"Article"},"previousItem":{"@type":"ListItem","@id":"https:\/\/lavamedia.be\/fr\/#listItem","name":"Home"}},{"@type":"ListItem","@id":"https:\/\/lavamedia.be\/fr\/category\/articles-fr\/article-fr\/#listItem","position":3,"name":"Article","item":"https:\/\/lavamedia.be\/fr\/category\/articles-fr\/article-fr\/","nextItem":{"@type":"ListItem","@id":"https:\/\/lavamedia.be\/fr\/vw-2-6-milliards-de-dividendes-et-100-000-pertes-demplois\/#listItem","name":"La voiture du futur n&rsquo;est pas un tank"},"previousItem":{"@type":"ListItem","@id":"https:\/\/lavamedia.be\/fr\/category\/articles-fr\/#listItem","name":"Articles"}},{"@type":"ListItem","@id":"https:\/\/lavamedia.be\/fr\/vw-2-6-milliards-de-dividendes-et-100-000-pertes-demplois\/#listItem","position":4,"name":"La voiture du futur n&rsquo;est pas un tank","previousItem":{"@type":"ListItem","@id":"https:\/\/lavamedia.be\/fr\/category\/articles-fr\/article-fr\/#listItem","name":"Article"}}]},{"@type":"Organization","@id":"https:\/\/lavamedia.be\/fr\/#organization","name":"Lava","description":"Tijdschrift voor sociale kritiek en marxistische analyses.","url":"https:\/\/lavamedia.be\/fr\/"},{"@type":"Person","@id":"https:\/\/lavamedia.be\/fr\/author\/benjaminpestieau\/#author","url":"https:\/\/lavamedia.be\/fr\/author\/benjaminpestieau\/","name":"Benjamin Pestieau est responsable des relations syndicales du PTB.","image":{"@type":"ImageObject","@id":"https:\/\/lavamedia.be\/fr\/vw-2-6-milliards-de-dividendes-et-100-000-pertes-demplois\/#authorImage","url":"https:\/\/lavamedia.be\/wp-content\/uploads\/2024\/09\/246641347_10159970670099767_1689498470941467254_n-100x100.jpg","width":96,"height":96,"caption":"Benjamin Pestieau est responsable des relations syndicales du PTB."}},{"@type":"WebPage","@id":"https:\/\/lavamedia.be\/fr\/vw-2-6-milliards-de-dividendes-et-100-000-pertes-demplois\/#webpage","url":"https:\/\/lavamedia.be\/fr\/vw-2-6-milliards-de-dividendes-et-100-000-pertes-demplois\/","name":"La voiture du futur n\u2019est pas un tank | Lava","description":"Restructurations, licenciements, usines qui ferment : l'industrie automobile europ\u00e9enne vacille et se reconvertit dans l'armement. Elle choisit les profits pour ses actionnaires, la crise technologique et la guerre, alors que la prosp\u00e9rit\u00e9 et la paix sont possibles.","inLanguage":"fr-FR","isPartOf":{"@id":"https:\/\/lavamedia.be\/fr\/#website"},"breadcrumb":{"@id":"https:\/\/lavamedia.be\/fr\/vw-2-6-milliards-de-dividendes-et-100-000-pertes-demplois\/#breadcrumblist"},"author":{"@id":"https:\/\/lavamedia.be\/fr\/author\/benjaminpestieau\/#author"},"creator":{"@id":"https:\/\/lavamedia.be\/fr\/author\/benjaminpestieau\/#author"},"image":{"@type":"ImageObject","url":"https:\/\/lavamedia.be\/wp-content\/uploads\/2026\/07\/shutterstock_2537326751-scaled.jpg","@id":"https:\/\/lavamedia.be\/fr\/vw-2-6-milliards-de-dividendes-et-100-000-pertes-demplois\/#mainImage","width":2560,"height":1707,"caption":"Shutterstock"},"primaryImageOfPage":{"@id":"https:\/\/lavamedia.be\/fr\/vw-2-6-milliards-de-dividendes-et-100-000-pertes-demplois\/#mainImage"},"datePublished":"2026-07-02T14:52:56+02:00","dateModified":"2026-07-15T09:42:10+02:00"},{"@type":"WebSite","@id":"https:\/\/lavamedia.be\/fr\/#website","url":"https:\/\/lavamedia.be\/fr\/","name":"LAVA","description":"Tijdschrift voor sociale kritiek en marxistische analyses.","inLanguage":"fr-FR","publisher":{"@id":"https:\/\/lavamedia.be\/fr\/#organization"}}]},"og:locale":"fr_FR","og:site_name":"Lava Media","og:type":"article","og:title":"La voiture du futur n\u2019est pas un tank | Lava","og:description":"Restructurations, licenciements, usines qui ferment : l'industrie automobile europ\u00e9enne vacille et se reconvertit dans l'armement. Elle choisit les profits pour ses actionnaires, la crise technologique et la guerre, alors que la prosp\u00e9rit\u00e9 et la paix sont possibles.","og:url":"https:\/\/lavamedia.be\/fr\/vw-2-6-milliards-de-dividendes-et-100-000-pertes-demplois\/","fb:app_id":"846358645511450","og:image":"https:\/\/lavamedia.be\/wp-content\/uploads\/2026\/07\/shutterstock_2537326751-scaled.jpg","og:image:secure_url":"https:\/\/lavamedia.be\/wp-content\/uploads\/2026\/07\/shutterstock_2537326751-scaled.jpg","og:image:width":2560,"og:image:height":1707,"article:published_time":"2026-07-02T12:52:56+00:00","article:modified_time":"2026-07-15T07:42:10+00:00","twitter:card":"summary","twitter:title":"La voiture du futur n\u2019est pas un tank | Lava","twitter:description":"Restructurations, licenciements, usines qui ferment : l'industrie automobile europ\u00e9enne vacille et se reconvertit dans l'armement. Elle choisit les profits pour ses actionnaires, la crise technologique et la guerre, alors que la prosp\u00e9rit\u00e9 et la paix sont possibles.","twitter:image":"https:\/\/lavamedia.be\/wp-content\/uploads\/2026\/07\/shutterstock_2537326751-scaled.jpg"},"aioseo_meta_data":{"post_id":"60240","title":null,"description":null,"keywords":null,"keyphrases":{"focus":{"keyphrase":"","score":0,"analysis":{"keyphraseInTitle":{"score":0,"maxScore":9,"error":1}}},"additional":[]},"primary_term":null,"canonical_url":null,"og_title":null,"og_description":null,"og_object_type":"default","og_image_type":"default","og_image_url":null,"og_image_width":null,"og_image_height":null,"og_image_custom_url":null,"og_image_custom_fields":null,"og_video":"","og_custom_url":null,"og_article_section":null,"og_article_tags":null,"twitter_use_og":false,"twitter_card":"default","twitter_image_type":"default","twitter_image_url":null,"twitter_image_custom_url":null,"twitter_image_custom_fields":null,"twitter_title":null,"twitter_description":null,"schema":{"blockGraphs":[],"customGraphs":[],"default":{"data":{"Article":[],"Course":[],"Dataset":[],"FAQPage":[],"Movie":[],"Person":[],"Product":[],"ProductReview":[],"Car":[],"Recipe":[],"Service":[],"SoftwareApplication":[],"WebPage":[]},"graphName":"Article","isEnabled":true},"graphs":[]},"schema_type":"default","schema_type_options":null,"pillar_content":false,"robots_default":true,"robots_noindex":false,"robots_noarchive":false,"robots_nosnippet":false,"robots_nofollow":false,"robots_noimageindex":false,"robots_noodp":false,"robots_notranslate":false,"robots_max_snippet":"-1","robots_max_videopreview":"-1","robots_max_imagepreview":"large","priority":null,"frequency":"default","local_seo":null,"breadcrumb_settings":null,"limit_modified_date":false,"ai":{"faqs":[],"keyPoints":[],"schemas":[],"titles":[],"descriptions":[],"socialPosts":{"email":{"subject":"","preview":"","content":""},"linkedin":[],"twitter":[],"facebook":[],"instagram":[]}},"created":"2026-07-02 12:29:38","updated":"2026-07-03 20:39:15","seo_analyzer_scan_date":null,"focus_keyword":null,"additional_keywords":null,"truseo_locale":null},"_links":{"self":[{"href":"https:\/\/lavamedia.be\/fr\/wp-json\/wp\/v2\/posts\/60240","targetHints":{"allow":["GET"]}}],"collection":[{"href":"https:\/\/lavamedia.be\/fr\/wp-json\/wp\/v2\/posts"}],"about":[{"href":"https:\/\/lavamedia.be\/fr\/wp-json\/wp\/v2\/types\/post"}],"author":[{"embeddable":true,"href":"https:\/\/lavamedia.be\/fr\/wp-json\/wp\/v2\/users\/3740"}],"replies":[{"embeddable":true,"href":"https:\/\/lavamedia.be\/fr\/wp-json\/wp\/v2\/comments?post=60240"}],"version-history":[{"count":7,"href":"https:\/\/lavamedia.be\/fr\/wp-json\/wp\/v2\/posts\/60240\/revisions"}],"predecessor-version":[{"id":60708,"href":"https:\/\/lavamedia.be\/fr\/wp-json\/wp\/v2\/posts\/60240\/revisions\/60708"}],"wp:featuredmedia":[{"embeddable":true,"href":"https:\/\/lavamedia.be\/fr\/wp-json\/wp\/v2\/media\/60243"}],"wp:attachment":[{"href":"https:\/\/lavamedia.be\/fr\/wp-json\/wp\/v2\/media?parent=60240"}],"wp:term":[{"taxonomy":"category","embeddable":true,"href":"https:\/\/lavamedia.be\/fr\/wp-json\/wp\/v2\/categories?post=60240"},{"taxonomy":"post_tag","embeddable":true,"href":"https:\/\/lavamedia.be\/fr\/wp-json\/wp\/v2\/tags?post=60240"}],"curies":[{"name":"wp","href":"https:\/\/api.w.org\/{rel}","templated":true}]}}