{"id":53997,"date":"2025-07-02T14:39:36","date_gmt":"2025-07-02T12:39:36","guid":{"rendered":"https:\/\/lavamedia.be\/?p=53997"},"modified":"2025-08-06T11:27:37","modified_gmt":"2025-08-06T09:27:37","slug":"la-politique-de-larizona-ne-relancera-pas-lindustrie","status":"publish","type":"post","link":"https:\/\/lavamedia.be\/fr\/la-politique-de-larizona-ne-relancera-pas-lindustrie\/","title":{"rendered":"\u00ab\u00a0La politique de l\u2019Arizona ne relancera pas l\u2019industrie\u00a0\u00bb"},"content":{"rendered":"<p>Alerta Arizona n*6 \u2013 Retrouvez les opinions enflamm\u00e9es contre le d\u00e9sert social de De Wever et Bouchez de notre s\u00e9rie Alerta Arizona.<\/p>\n<figure id=\"attachment_40381\" aria-describedby=\"caption-attachment-40381\" style=\"width: 600px\" class=\"wp-caption alignleft\"><img decoding=\"async\" class=\"size-medium wp-image-40381\" src=\"https:\/\/lavamedia.be\/wp-content\/uploads\/2022\/09\/Vanaerschot_FrankBW1-600x600.jpg\" alt=\"\" width=\"600\" height=\"600\" \/><figcaption id=\"caption-attachment-40381\" class=\"wp-caption-text\">rank Vanaerschot est directeur de Counter Balance, une coalition de neuf ONG \u0153uvrant \u00e0 faire des finances publiques un levier de la transformation sociale et \u00e9cologique de l\u2019Europe.<\/figcaption><\/figure>\n<p>Le gouvernement Arizona affirme vouloir stimuler la comp\u00e9titivit\u00e9 des entreprises en Belgique. Pour ce faire, il se base sur le livre de recettes de l\u2019Union europ\u00e9enne : mod\u00e9ration salariale, r\u00e9forme (d\u00e9mant\u00e8lement) des syst\u00e8mes sociaux et subventions aux entreprises priv\u00e9es. Pourtant, la crise de la zone euro a d\u00e9j\u00e0 montr\u00e9 que ce type de politique d\u2019aust\u00e9rit\u00e9 brutale aboutit \u00e0 des r\u00e9sultats aussi m\u00e9diocres sur le plan social qu\u2019\u00e9conomique. La promesse selon laquelle un soutien public inconditionnel aux entreprises priv\u00e9es engendrerait davantage de prosp\u00e9rit\u00e9 pour tous a depuis longtemps \u00e9t\u00e9 d\u00e9mentie. Le fait que l\u2019Arizona ressorte malgr\u00e9 tout cette vieille recette t\u00e9moigne de son absence de vision strat\u00e9gique, une carence \u00e9galement manifeste au niveau europ\u00e9en.<\/p>\n<p>Pour se relancer et pr\u00e9parer l\u2019avenir, notre industrie a besoin d\u2019investissements strat\u00e9giques. Mais le gouvernement Arizona mise avant tout sur l\u2019assouplissement des r\u00e9glementations ainsi que sur l\u2019octroi d\u2019avantages fiscaux et de subventions, sans y associer de conditions claires, par exemple en mati\u00e8re d\u2019emploi ou de durabilit\u00e9.<\/p>\n<p>En outre, les investissements publics restent tr\u00e8s faibles. Sous le gouvernement De Wever, les investissements publics ne pourront gu\u00e8re faire plus que maintenir les infrastructures publiques existantes. Les fonds publics d\u2019investissement, tels que la Soci\u00e9t\u00e9 f\u00e9d\u00e9rale de participations et d\u2019investissement (SFPI), sont cens\u00e9s, selon l\u2019accord de gouvernement, jouer un r\u00f4le de soutien aux activit\u00e9s \u00e9conomiques strat\u00e9giques, mais ne b\u00e9n\u00e9ficient d\u2019aucun moyen suppl\u00e9mentaire.<\/p>\n<p>La seule d\u00e9pense que le gouvernement semble r\u00e9ellement dispos\u00e9 \u00e0 accro\u00eetre concerne l\u2019arm\u00e9e. M\u00eame les banques Belfius et BNP Paribas Fortis, dont l\u2019\u00c9tat est actionnaire, doivent servir de vache \u00e0 lait pour alimenter le budget de la d\u00e9fense, au lieu d\u2019\u00eatre utilis\u00e9es comme investisseurs publics strat\u00e9giques.<\/p>\n<blockquote><p>La volont\u00e9 politique d\u2019exercer un r\u00f4le de pilotage \u00e9conomique et industriel reste dramatiquement absente.<\/p><\/blockquote>\n<p>Cette politique n\u2019est pas propre \u00e0 la Belgique. L\u2019agenda de la Commission europ\u00e9enne est lui aussi enti\u00e8rement ax\u00e9 sur la comp\u00e9titivit\u00e9. Et bien que la Commission se d\u00e9signe elle-m\u00eame comme une instance d\u2019investissement, elle met davantage l\u2019accent sur l\u2019assouplissement des obligations en mati\u00e8re climatique et sociale pour les entreprises, que sur l\u2019\u00e9laboration de programmes d\u2019investissement r\u00e9pondant aux besoins sociaux et \u00e9cologiques. Plut\u00f4t que de s\u2019engager pleinement en faveur de l\u2019investissement public, la Commission se contente de r\u00e9duire les risques pour les investisseurs priv\u00e9s.<\/p>\n<p>Cette strat\u00e9gie consistant \u00e0 distribuer des carottes fait abstraction d\u2019une tendance majeure : les entreprises priv\u00e9es investissent tr\u00e8s peu. Entre 2010 et 2023, 841 entreprises europ\u00e9ennes cot\u00e9es en bourse dans des secteurs \u00e0 forte intensit\u00e9 \u00e9nerg\u00e9tique ont r\u00e9alis\u00e9 pas moins de 2 100 milliards d\u2019euros de b\u00e9n\u00e9fices, dont 1 600 milliards ont \u00e9t\u00e9 vers\u00e9s \u00e0 leurs actionnaires (soit 75 % des profits). Une somme colossale que ces entreprises refusent d\u2019investir dans des activit\u00e9s productives cr\u00e9atrices d\u2019emplois et favorisant la transformation vers des proc\u00e9d\u00e9s de production efficaces et respectueux du climat.<\/p>\n<p>Si les entreprises europ\u00e9ennes rencontrent aujourd\u2019hui davantage de difficult\u00e9s sur le march\u00e9 international, c\u2019est en grande partie en raison de leur propre refus d\u2019effectuer des investissements tourn\u00e9s vers l\u2019avenir.<\/p>\n<p>Ce constat vaut aussi pour certaines grandes entreprises b\u00e9n\u00e9ficiant d\u2019un financement public europ\u00e9en. Entre 2020 et 2023, la Banque europ\u00e9enne d\u2019investissement a accord\u00e9 11 milliards d\u2019euros de pr\u00eats \u00e0 sept de ses plus grands clients dans diff\u00e9rents secteurs. Durant cette p\u00e9riode, ces entreprises ont engrang\u00e9 100 milliards d\u2019euros de b\u00e9n\u00e9fices, dont 38 milliards ont \u00e9t\u00e9 redistribu\u00e9s aux actionnaires.<\/p>\n<p>Il est donc fort probable que les mesures prises en Belgique et en Europe auront peu d\u2019effet sur la relance de l\u2019industrie. Une v\u00e9ritable relance exigerait une intervention beaucoup plus volontariste de l\u2019\u00c9tat, avec une r\u00e9glementation forte, un soutien public et des investissements assortis de conditions sociales et climatiques contraignantes.<\/p>\n<p>Cela suppose \u00e9galement une strat\u00e9gie industrielle orient\u00e9e vers la contribution de l\u2019industrie \u00e0 la fourniture d\u2019\u00e9nergie, de transports et de logements abordables pour tous. Mais malgr\u00e9 les crises successives, la volont\u00e9 politique d\u2019exercer un r\u00f4le de pilotage \u00e9conomique et industriel reste dramatiquement absente.<\/p>\n<p>Pour nous opposer \u00e0 Arizona, nous devons tirer les le\u00e7ons des gouvernements pr\u00e9c\u00e9dents. C\u2019est durant la derni\u00e8re l\u00e9gislature qu\u2019a vu le jour le Green Deal europ\u00e9en, cens\u00e9 donner une plus grande place au climat dans les priorit\u00e9s politiques. Pourtant, tout comme la politique climatique du gouvernement Vivaldi, ce plan europ\u00e9en a n\u00e9glig\u00e9 la question cruciale de savoir comment faire en sorte que la r\u00e9gulation et les investissements en faveur de la transition verte permettent aussi de r\u00e9pondre aux besoins de travailleuses et travailleurs et de leur famille : \u2019assurer des logements, une \u00e9nergie et des transports \u00e0 la fois durables et abordables.<\/p>\n<p>Or, plusieurs enqu\u00eates montrent qu\u2019il existe un large soutien \u00e0 la politique climatique en g\u00e9n\u00e9ral, mais que beaucoup de gens s\u2019inqui\u00e8tent de ses cons\u00e9quences sur leur emploi, leur mobilit\u00e9 ou leur logement.<\/p>\n<p>Entre-temps, la vie est devenue nettement plus ch\u00e8re pour les m\u00e9nages \u00e0 revenus faibles et moyens, et il est de plus en plus difficile de trouver un logement abordable. Le lobby des entreprises a su tirer parti de cette situation pour pr\u00e9senter les politiques climatiques ambitieuses et les autres formes d\u2019intervention publique comme \u00e9tant \u00ab trop co\u00fbteuses \u00bb dans un contexte de concurrence internationale exacerb\u00e9e dans les secteurs de haute technologie et \u00e0 forte intensit\u00e9 \u00e9nerg\u00e9tique. Pourtant, une transition juste n\u2019est pas un luxe, mais une n\u00e9cessit\u00e9 absolue pour prot\u00e9ger notre soci\u00e9t\u00e9.<\/p>\n<p>Une autre voie est possible, mais elle requiert une large mobilisation pour changer les orientations politiques. Plut\u00f4t que de se mettre au service du lobby des entreprises, nous devons cr\u00e9er une plateforme pour une intervention massive de l\u2019\u00c9tat et de la soci\u00e9t\u00e9 elle-m\u00eame en faveur d\u2019une \u00e9conomie \u00e9cologique et sociale, o\u00f9 chacun\u00b7e a acc\u00e8s \u00e0 des services de base durables.<\/p>\n","protected":false},"excerpt":{"rendered":"<p>Alerta Arizona n*6 \u2013 Retrouvez les opinions enflamm\u00e9es contre le d\u00e9sert social de De Wever et Bouchez de notre s\u00e9rie Alerta Arizona.<\/p>\n","protected":false},"author":1061,"featured_media":13250,"comment_status":"closed","ping_status":"open","sticky":false,"template":"","format":"standard","meta":{"_acf_changed":false,"footnotes":""},"categories":[3994,17],"tags":[3999,4022,3315,3991],"class_list":["post-53997","post","type-post","status-publish","format-standard","has-post-thumbnail","hentry","category-alerta-arizona","category-articles-fr","tag-alerta-arizona","tag-arizona-fr","tag-frank-vanaerschot-fr","tag-industrie-fr"],"acf":[],"aioseo_notices":[],"_links":{"self":[{"href":"https:\/\/lavamedia.be\/fr\/wp-json\/wp\/v2\/posts\/53997","targetHints":{"allow":["GET"]}}],"collection":[{"href":"https:\/\/lavamedia.be\/fr\/wp-json\/wp\/v2\/posts"}],"about":[{"href":"https:\/\/lavamedia.be\/fr\/wp-json\/wp\/v2\/types\/post"}],"author":[{"embeddable":true,"href":"https:\/\/lavamedia.be\/fr\/wp-json\/wp\/v2\/users\/1061"}],"replies":[{"embeddable":true,"href":"https:\/\/lavamedia.be\/fr\/wp-json\/wp\/v2\/comments?post=53997"}],"version-history":[{"count":4,"href":"https:\/\/lavamedia.be\/fr\/wp-json\/wp\/v2\/posts\/53997\/revisions"}],"predecessor-version":[{"id":54190,"href":"https:\/\/lavamedia.be\/fr\/wp-json\/wp\/v2\/posts\/53997\/revisions\/54190"}],"wp:featuredmedia":[{"embeddable":true,"href":"https:\/\/lavamedia.be\/fr\/wp-json\/wp\/v2\/media\/13250"}],"wp:attachment":[{"href":"https:\/\/lavamedia.be\/fr\/wp-json\/wp\/v2\/media?parent=53997"}],"wp:term":[{"taxonomy":"category","embeddable":true,"href":"https:\/\/lavamedia.be\/fr\/wp-json\/wp\/v2\/categories?post=53997"},{"taxonomy":"post_tag","embeddable":true,"href":"https:\/\/lavamedia.be\/fr\/wp-json\/wp\/v2\/tags?post=53997"}],"curies":[{"name":"wp","href":"https:\/\/api.w.org\/{rel}","templated":true}]}}