{"id":47768,"date":"2024-02-26T13:33:57","date_gmt":"2024-02-26T11:33:57","guid":{"rendered":"https:\/\/lavamedia.be\/?p=47768"},"modified":"2024-11-15T10:06:39","modified_gmt":"2024-11-15T08:06:39","slug":"consommer-mieux-ne-changera-pas-le-monde","status":"publish","type":"post","link":"https:\/\/lavamedia.be\/fr\/consommer-mieux-ne-changera-pas-le-monde\/","title":{"rendered":"Consommer mieux ne changera pas le monde"},"content":{"rendered":"<p>Que ce soit pour s\u2019attaquer au r\u00e9chauffement climatique ou aux conditions de travail insoutenables, c\u2019est toujours la m\u00eame musique. Les gens n\u2019ont qu\u2019\u00e0 consommer \u00e9thique et \u00e9cologique. Pourtant cette id\u00e9e ne fait que pr\u00e9server le <em>statu quo<\/em>.<\/p>\n<img decoding=\"async\" class=\"size-full wp-image-47795 aligncenter\" src=\"https:\/\/lavamedia.be\/wp-content\/uploads\/2024\/02\/20230499-MagmaWebsite-redkitten-TRK010websF1.png\" alt=\"\" width=\"963\" height=\"674\" \/>\n<p>L\u2019\u00e9norme majorit\u00e9 des gens a envie de pouvoir faire quelque chose pour rendre le monde meilleur. Les entreprises elles-m\u00eames l\u2019ont d\u2019ailleurs bien compris. Ainsi, Colruyt, via sa filiale Bio-Planet nous pousse \u00e0 les rejoindre dans le combat pour une plan\u00e8te B : \u00ab Avez-vous d\u00e9j\u00e0 vu ou entendu notre spot publicitaire ? D\u00e9couvrez-le en int\u00e9gralit\u00e9 ici et faites, avec nous, des choix responsables. Car il y a une plan\u00e8te B\u2026 Bio-Planet \u00bb<span id='easy-footnote-1-47768' class='easy-footnote-margin-adjust'><\/span><span class='easy-footnote'><a href='https:\/\/lavamedia.be\/fr\/consommer-mieux-ne-changera-pas-le-monde\/#easy-footnote-bottom-1-47768' title='https:\/\/www.bioplanet.be\/fr\/bioplanet\/planete-b'><sup>1<\/sup><\/a><\/span>. Acheter chez Colruyt, ce serait le choix responsable, solidaire, juste, z\u00e9ro-d\u00e9chets, etc.<\/p>\n<p>Ensuite, en ce qui concerne le shopping, H&amp;M propose de \u00ab changer la mode \u00bb sur leur page \u00ab Let\u2019s change \u00bb. \u00c7a ne s\u2019arr\u00eate pas l\u00e0 pour l\u2019enseigne : \u00ab faisons ce qui est en notre pouvoir pour que les g\u00e9n\u00e9rations futures se sentent bien et soient plus tol\u00e9rantes les unes envers les autres. Faisons en sorte que chacun se sente inclus, quels que soient son origine, son sexe, sa religion, son \u00e2ge, ses capacit\u00e9s, son orientation sexuelle, son style ou sa taille. Rendons la mode responsable et la responsabilit\u00e9 \u00e0 la mode. Faisons une nouvelle promesse une fois que ces cases seront coch\u00e9es. Soyons acteurs du changement. \u00bb<span id='easy-footnote-2-47768' class='easy-footnote-margin-adjust'><\/span><span class='easy-footnote'><a href='https:\/\/lavamedia.be\/fr\/consommer-mieux-ne-changera-pas-le-monde\/#easy-footnote-bottom-2-47768' title='https:\/\/www2.hm.com\/fr_be\/developpement-durable-chez-hm\/our-work\/lets-change.html'><sup>2<\/sup><\/a><\/span><\/p>\n<p>Consommer ressemble de plus en plus \u00e0 un engagement politique. Qu\u2019en est-il r\u00e9ellement\u00a0?<\/p>\n<h2>\u00ab\u00a0Acheter c\u2019est voter\u00a0!\u00a0\u00bb<\/h2>\n<p>On l\u2019a tous d\u00e9j\u00e0 entendu. Tel quel ou sous ses variantes : \u00ab Acheter c\u2019est voter \u00bb. Apr\u00e8s une longue journ\u00e9e de travail, c\u2019est derri\u00e8re un cadi que nous devons participer \u00e0 la vie politique. Nous voil\u00e0 donc \u00ab consommateurs souverains \u00bb<span id='easy-footnote-3-47768' class='easy-footnote-margin-adjust'><\/span><span class='easy-footnote'><a href='https:\/\/lavamedia.be\/fr\/consommer-mieux-ne-changera-pas-le-monde\/#easy-footnote-bottom-3-47768' title='Sur la notion de \u00ab\u00a0consomateur souverain\u00a0\u00bb, concept qui remonte \u00e0 l\u2019un des p\u00e8res fondateurs du n\u00e9olib\u00e9ralisme, voir\u00a0: &lt;a href=&quot;https:\/\/lavamedia.be\/fr\/comment-le-neoliberalisme-a-reinvente-la-democratie\/&quot;&gt;https:\/\/lavamedia.be\/fr\/comment-le-neoliberalisme-a-reinvente-la-democratie\/&lt;\/a&gt;'><sup>3<\/sup><\/a><\/span>, cynique conception du \u2018consommateur\u2019 devenu \u2018acteur du changement\u2019 par ces choix sur le march\u00e9 libre. Ce consommateur dot\u00e9 d\u2019un pr\u00e9tendu nouveau pouvoir politique peut compter sur les labels \u00e9thiques, \u00e9cologiques, durables pour\u00a0 l\u2019aider \u00e0 rep\u00e9rer les produits les plus justes, ceux qui correspondent vraiment \u00e0 ses valeurs.<\/p>\n<blockquote><p>Apr\u00e8s une longue journ\u00e9e de travail, c\u2019est derri\u00e8re un cadi que nous devrions participer \u00e0 la vie politique.<\/p><\/blockquote>\n<p>Laure Waridel, \u00ab\u00a0eco-sociologue\u00a0\u00bb canadienne, s\u2019est sp\u00e9cialis\u00e9e dans le commerce \u00e9quitable de caf\u00e9 jusqu\u2019\u00e0 en devenir une pionni\u00e8re dans son pays. Apr\u00e8s avoir d\u00e9cortiqu\u00e9 le fonctionnement mondial de la production et du commerce de caf\u00e9, Waridel en conclut elle aussi que notre levier d\u2019action se situe dans nos choix de consommation. C\u2019est comme \u00e7a que nous pouvons faire bouger les lignes. Le titre de son livre\u00a0?\u00a0<em>Acheter c\u2019est voter \u2013 le cas du caf\u00e9<\/em>. \u00c7a ne s\u2019invente pas\u2026 Waridel annonce la couleur dans le premier chapitre de son livre\u00a0:<\/p>\n<p>\u00ab Certaines actions sont d\u2019ordre macro\u00e9conomique et rel\u00e8vent de politiques internationales. D\u2019autres sont \u00e0 la port\u00e9e des citoyens par le biais de choix de consommation qui favorisent le commerce \u00e9quitable de m\u00eame que l\u2019agriculture biologique [\u2026]. \u00bb<span id='easy-footnote-4-47768' class='easy-footnote-margin-adjust'><\/span><span class='easy-footnote'><a href='https:\/\/lavamedia.be\/fr\/consommer-mieux-ne-changera-pas-le-monde\/#easy-footnote-bottom-4-47768' title='Waridel Laure, \u00ab Acheter c\u2019est voter \u2013 le cas du caf\u00e9 \u00bb. Les \u00c9ditions \u00c9cosoci\u00e9t\u00e9, 2005'><sup>4<\/sup><\/a><\/span>. L\u2019action d\u2019ordre macro\u00e9conomique est hors de port\u00e9e pour les citoyens, ce n\u2019est que comme consommateurs qu\u2019ils peuvent agir.<\/p>\n<p>\u00c9videmment, beaucoup ne se laissent pas avoir par les jolies phrases de Colruyt ou H&amp;M et pr\u00e9f\u00e8rent se tourner vers le \u00ab\u00a0seconde main\u00a0\u00bb, les coop\u00e9ratives ou le circuit court. C\u2019est positif. \u00c7a montre qu\u2019il y a beaucoup de gens d\u00e9go\u00fbt\u00e9s par les m\u00e9thodes du capitalisme et leurs cons\u00e9quences aussi bien sur les travailleurs que sur le climat.\u00a0 Cependant, la logique qui en d\u00e9coule et vers laquelle on nous pousse est la m\u00eame\u00a0: les citoyens d\u00e9tiendraient un pouvoir politique en tant que \u00ab\u00a0consommateurs souverains\u00a0\u00bb. En achetant tel produit plut\u00f4t qu\u2019un autre, en choisissant tel enseigne plut\u00f4t qu\u2019une autre, nous pourrions exprimer nos valeurs, signifier nos pr\u00e9f\u00e9rences et d\u00e9fendre notre identit\u00e9 politique. La politique devient une affaire de <em>lifestyle.<\/em><\/p>\n<h2>La d\u00e9mocratie par le march\u00e9\u00a0: une vision n\u00e9olib\u00e9rale<\/h2>\n<p>Cette vision de la politique s\u2019inscrit dans une vision n\u00e9olib\u00e9rale qui r\u00e9duit la d\u00e9mocratie au march\u00e9 pr\u00e9tendument libre.<\/p>\n<p>Pour les n\u00e9olib\u00e9raux, le march\u00e9 permet de r\u00e9pondre efficacement aux besoins des gens. C\u2019est le syst\u00e8me des prix, r\u00e9gis par l\u2019offre et la demande qui permet \u00e0 tous les acteurs \u00e9conomiques de faire les choix les plus rationnels.<\/p>\n<p>Le march\u00e9 est donc, en fin de compte, l\u2019institution qui permet le mieux de coordonner la production et de r\u00e9pondre au mieux aux besoins. Les citoyens indiquent leurs souhaits et les changements qu\u2019ils veulent voir advenir par le biais de la consommation individuelle.<\/p>\n<figure id=\"attachment_47759\" aria-describedby=\"caption-attachment-47759\" style=\"width: 690px\" class=\"wp-caption alignright\"><img decoding=\"async\" class=\"wp-image-47759 size-full\" src=\"https:\/\/lavamedia.be\/wp-content\/uploads\/2024\/02\/Sacha_Foto.jpeg\" alt=\"\" width=\"690\" height=\"683\" \/><figcaption id=\"caption-attachment-47759\" class=\"wp-caption-text\">Sacha Moens (26) est secr\u00e9taire de r\u00e9daction de Lava Media. Il a \u00e9tudi\u00e9 la sociologie \u00e0 l\u2019ULB.<\/figcaption><\/figure>\n<p>Cette mani\u00e8re de concevoir l\u2019organisation de la production et la soci\u00e9t\u00e9 dans son ensemble d\u00e9termine dans le m\u00eame temps une mani\u00e8re bien particuli\u00e8re de concevoir la politique. Participer \u00e0 la vie politique, peser sur les d\u00e9cisions \u00e9conomiques, d\u00e9terminer les besoins que nous avons dans une soci\u00e9t\u00e9 donn\u00e9e, \u00e7a se fait par le march\u00e9 capitaliste. De ce fait, la d\u00e9mocratie on ne l\u2019exerce plus comme citoyen et travailleur par la d\u00e9lib\u00e9ration collective, mais bien comme consommateur individuel. La d\u00e9mocratie se d\u00e9place des institutions de l\u2019\u00c9tat comme le parlement vers le march\u00e9 capitaliste. Ludwig von Mises, l\u2019un des p\u00e8res fondateurs du n\u00e9olib\u00e9ralisme<span id='easy-footnote-5-47768' class='easy-footnote-margin-adjust'><\/span><span class='easy-footnote'><a href='https:\/\/lavamedia.be\/fr\/consommer-mieux-ne-changera-pas-le-monde\/#easy-footnote-bottom-5-47768' title='Le caract\u00e8re \u2018n\u00e9olib\u00e9rale\u2019 de l\u2019\u0153uvre de Mises est sujet \u00e0 d\u00e9bat. Ceci dit, dans &lt;em&gt;The Sovereign Consumer : A New Intellectual History of Neoliberalism, &lt;\/em&gt;Olsen d\u00e9fend que la conception du \u00ab consommateur souverain \u00bb se retrouve d\u00e9j\u00e0 dans les \u00e9crits de Mises. Olsen identifie ce \u00ab consommateur souverain \u00bb comme acteur cl\u00e9 dans la perspective n\u00e9olib\u00e9rale'><sup>5<\/sup><\/a><\/span> est tr\u00e8s clair :<\/p>\n<p>\u00ab Consid\u00e9r\u00e9e de ce point de vue, l&rsquo;\u00e9conomie est une d\u00e9mocratie dans laquelle chaque centime joue le r\u00f4le d&rsquo;un bulletin de vote. Elle est une d\u00e9mocratie dont les repr\u00e9sentants ne jouissent que d&rsquo;un mandat toujours r\u00e9vocable. C&rsquo;est une d\u00e9mocratie des consommateurs. \u00bb<span id='easy-footnote-6-47768' class='easy-footnote-margin-adjust'><\/span><span class='easy-footnote'><a href='https:\/\/lavamedia.be\/fr\/consommer-mieux-ne-changera-pas-le-monde\/#easy-footnote-bottom-6-47768' title='von Mises, Ludwig (1938) Le Socialisme, \u00c9tude \u00e9conomique et sociologique, Institut Coppet'><sup>6<\/sup><\/a><\/span><\/p>\n<p>Mais il y a 3 choses importantes que les n\u00e9olib\u00e9raux omettent et que les d\u00e9fenseurs d\u2019une consommation \u2018\u00e9thique\u2019 semblent oublier\u00a0:<\/p>\n<ul>\n<li>Dans cette vision, le poids politique que chacun peut exercer est d\u00e9pendant de son portefeuille. Consommer \u2018\u00e9thique et \u00e9colo\u2019, ce n\u2019est pas \u00e0 la port\u00e9e tout le monde, loin de l\u00e0. La d\u00e9mocratie sur le march\u00e9, c\u2019est le retour du vote plural du 19<sup>\u00e8me<\/sup> si\u00e8cle o\u00f9 certains pouvaient voter plusieurs fois en fonction de leur statut social.<\/li>\n<li>Cette perspective efface la question de la d\u00e9mocratie sur le lieu de travail et le r\u00f4le des travailleurs dans la soci\u00e9t\u00e9 en g\u00e9n\u00e9ral. Elle enl\u00e8ve toute l\u00e9gitimit\u00e9 \u00e0 la lutte collective, car \u2018il suffit de consommer autrement\u2019 et nous sommes r\u00e9duits \u00e0 agir chacun isol\u00e9ment.<\/li>\n<li>Enfin, le march\u00e9 ne r\u00e9pond pas seulement \u00e0 une demande. Il cr\u00e9e cette demande. Les besoins \u00e9voluent avec le temps et les entreprises, notamment par la pub, jouent un r\u00f4le crucial pour les faire \u00e9merger. Contrairement \u00e0 ce que les n\u00e9olib\u00e9raux essayent de nous faire croire, sur la question des besoins, ce sont les entreprises qui ont le contr\u00f4le. Ce sont elles qui, en d\u00e9finitive, d\u00e9terminent ce qu\u2019on produit, pour qui et comment. Dans cette perspective, nous n&rsquo;avons aucun poids sur la production. Qui mieux que Steve Jobs lui-m\u00eame pour confirmer le propos\u00a0:<\/li>\n<\/ul>\n<p>\u00ab \u2018Donnez aux clients ce qu&rsquo;ils veulent\u2019. Mais ce n&rsquo;est pas mon approche. Notre travail consiste \u00e0 d\u00e9terminer ce qu&rsquo;ils vont vouloir avant qu&rsquo;ils ne le sachent. Henry Ford a dit un jour : \u00ab\u00a0Si j&rsquo;avais demand\u00e9 aux clients ce qu&rsquo;ils voulaient, ils m&rsquo;auraient r\u00e9pondu : &lsquo;Un cheval plus rapide ! Les gens ne savent pas ce qu&rsquo;ils d\u00e9sirent tant que vous ne le leur montrez pas. C&rsquo;est pourquoi je ne me fie jamais aux \u00e9tudes de march\u00e9. \u00bb <span id='easy-footnote-7-47768' class='easy-footnote-margin-adjust'><\/span><span class='easy-footnote'><a href='https:\/\/lavamedia.be\/fr\/consommer-mieux-ne-changera-pas-le-monde\/#easy-footnote-bottom-7-47768' title='&lt;a href=&quot;https:\/\/www.goodreads.com\/quotes\/988332-some-people-say-give-the-customers-what-they-want-but&quot;&gt;https:\/\/www.goodreads.com\/quotes\/988332-some-people-say-give-the-customers-what-they-want-but&lt;\/a&gt; (traduit par la r\u00e9daction)'><sup>7<\/sup><\/a><\/span><\/p>\n<blockquote><p>En r\u00e9duisant notre action politique \u00e0 la consommation, on pr\u00e9serve plus le statu quo qu\u2019on ne le remet en question.<\/p><\/blockquote>\n<p>Sur le march\u00e9 capitaliste, ce sont les Steve Jobs et Elon Musk de ce monde qui font la loi.<\/p>\n<p>\u00c9videmment, mieux consommer part d\u2019une bonne intention. De plus, on ne peut pas dire que cela fasse du mal. Cependant, en r\u00e9duisant notre action politique \u00e0 cela, on pr\u00e9serve plus le <em>statu quo<\/em> qu\u2019on ne le remet en question.<\/p>\n<p>Peut-on mieux consommer\u00a0? Probablement. Est-ce exercer un poids politique significatif\u00a0? Est-ce lutter\u00a0? Non. Refusons d\u2019\u00eatre r\u00e9duits \u00e0 si peu.<\/p>\n<h2>Remettre l\u2019action collective au centre<\/h2>\n<p>Cette vision n\u00e9olib\u00e9rale constitue une attaque frontale contre toutes les formes d\u2019action collective dont se sont dot\u00e9s les mouvements sociaux, en particulier le mouvement ouvrier.<\/p>\n<p>Sous un couvert bienveillant, \u00e9thique et \u00e9colo, les d\u00e9fenseurs de cette perspective participent \u00e0 d\u00e9truire la l\u00e9gitimit\u00e9 d\u00e9mocratique de ses actions collectives en diffusant des formes d\u2019actions individualistes.<\/p>\n<p>Reprenons le cas de H&amp;M qui veut changer la mode. Sur leur site, il n\u2019est \u00e9videmment pas mentionn\u00e9 que les travailleurs du textile qu\u2019ils emploient indirectement au Bangladesh ont r\u00e9cemment men\u00e9 une gr\u00e8ve de trois semaines pour arracher une revalorisation salariale<span id='easy-footnote-8-47768' class='easy-footnote-margin-adjust'><\/span><span class='easy-footnote'><a href='https:\/\/lavamedia.be\/fr\/consommer-mieux-ne-changera-pas-le-monde\/#easy-footnote-bottom-8-47768' title='https:\/\/www.liberation.fr\/international\/au-bangladesh-une-greve-historique-des-ouvriers-du-textile-20231108_VUWABP5UGNFT3DAB2VDBY53LGI\/'><sup>8<\/sup><\/a><\/span>. Depuis la trag\u00e9die du Rana Plaza qui avait fait plus de 1000 morts dans ce m\u00eame secteur industriel bangladais, les grandes marques qui se fournissent l\u00e0-bas n\u2019ont rien chang\u00e9 \u00e0 leur politique<span id='easy-footnote-9-47768' class='easy-footnote-margin-adjust'><\/span><span class='easy-footnote'><a href='https:\/\/lavamedia.be\/fr\/consommer-mieux-ne-changera-pas-le-monde\/#easy-footnote-bottom-9-47768' title='https:\/\/www.rtbf.be\/article\/dix-ans-apres-le-drame-du-rana-plaza-lindustrie-de-la-mode-na-pas-fondamentalement-change-de-modele-11186610'><sup>9<\/sup><\/a><\/span>. Les syndicats locaux en revanche ont men\u00e9 une lutte d\u00e9termin\u00e9e pour am\u00e9liorer la s\u00e9curit\u00e9 des travailleurs. Les salaires, eux, restaient particuli\u00e8rement \u00e0 la tra\u00eene. Apr\u00e8s un mouvement qui a men\u00e9 \u00e0 de nombreux affrontements avec les forces de l\u2019ordre faisant plusieurs morts, les syndicats ont fini par obtenir une augmentation salariale. Malgr\u00e9 une reprise du travail, ils ne l\u00e2chent pas le combat, car l\u2019augmentation obtenue ne permet toujours pas une vie digne. Les changements dans la mode, ce sont les travailleurs qui l\u2019am\u00e8nent par leur lutte collective, pas le consommateur et encore moins les entreprises.<\/p>\n<p>Contre le \u00ab moi \u00bb individualiste et simple consommateur, osons affirmer un \u00ab nous \u00bb de la classe travailleuse. Cette m\u00eame classe qui produit la richesse et qui par son action a prouv\u00e9 \u00e0 travers l\u2019histoire des grands mouvements sociaux et en particulier \u00e0 travers de grandes gr\u00e8ves \u00e0 quel point elle peut arracher des victoires.<\/p>\n<p>Cela vaut autant ici qu\u2019au Bangladesh. Les cong\u00e9s pay\u00e9s, la r\u00e9duction du temps de travail, la s\u00e9curit\u00e9 sociale ou le droit de vote, tout cela n\u2019a pas \u00e9t\u00e9 arrach\u00e9 par un changement de consommation individuelle, mais par une lutte collective, combative et organis\u00e9e.<\/p>\n<h5>Cet article parait dans Magma, la rubrique jeune de Lava Media. Retrouvez tous les articles de la rubrique :\u00a0<a href=\"https:\/\/lavamedia.be\/fr\/category\/articles-fr\/magma-fr\/\">https:\/\/lavamedia.be\/fr\/category\/articles-fr\/magma-fr\/\u00a0<\/a><\/h5>\n","protected":false},"excerpt":{"rendered":"<p>Que ce soit pour s\u2019attaquer au r\u00e9chauffement climatique ou aux conditions de travail insoutenables, c\u2019est toujours la m\u00eame musique. Les gens n\u2019ont qu\u2019\u00e0 consommer \u00e9thique et \u00e9cologique. Pourtant cette id\u00e9e ne fait que pr\u00e9server le statu quo.<\/p>\n","protected":false},"author":2620,"featured_media":47795,"comment_status":"closed","ping_status":"closed","sticky":false,"template":"","format":"standard","meta":{"_acf_changed":false,"footnotes":""},"categories":[17,3546],"tags":[662,3798],"class_list":["post-47768","post","type-post","status-publish","format-standard","has-post-thumbnail","hentry","category-articles-fr","category-magma-fr","tag-ecologie-fr","tag-sacha-moens-fr"],"acf":[],"aioseo_notices":[],"_links":{"self":[{"href":"https:\/\/lavamedia.be\/fr\/wp-json\/wp\/v2\/posts\/47768","targetHints":{"allow":["GET"]}}],"collection":[{"href":"https:\/\/lavamedia.be\/fr\/wp-json\/wp\/v2\/posts"}],"about":[{"href":"https:\/\/lavamedia.be\/fr\/wp-json\/wp\/v2\/types\/post"}],"author":[{"embeddable":true,"href":"https:\/\/lavamedia.be\/fr\/wp-json\/wp\/v2\/users\/2620"}],"replies":[{"embeddable":true,"href":"https:\/\/lavamedia.be\/fr\/wp-json\/wp\/v2\/comments?post=47768"}],"version-history":[{"count":5,"href":"https:\/\/lavamedia.be\/fr\/wp-json\/wp\/v2\/posts\/47768\/revisions"}],"predecessor-version":[{"id":51133,"href":"https:\/\/lavamedia.be\/fr\/wp-json\/wp\/v2\/posts\/47768\/revisions\/51133"}],"wp:featuredmedia":[{"embeddable":true,"href":"https:\/\/lavamedia.be\/fr\/wp-json\/wp\/v2\/media\/47795"}],"wp:attachment":[{"href":"https:\/\/lavamedia.be\/fr\/wp-json\/wp\/v2\/media?parent=47768"}],"wp:term":[{"taxonomy":"category","embeddable":true,"href":"https:\/\/lavamedia.be\/fr\/wp-json\/wp\/v2\/categories?post=47768"},{"taxonomy":"post_tag","embeddable":true,"href":"https:\/\/lavamedia.be\/fr\/wp-json\/wp\/v2\/tags?post=47768"}],"curies":[{"name":"wp","href":"https:\/\/api.w.org\/{rel}","templated":true}]}}