{"id":43281,"date":"2023-04-06T17:02:39","date_gmt":"2023-04-06T15:02:39","guid":{"rendered":"https:\/\/lavamedia.be\/?p=43281"},"modified":"2024-07-29T12:05:02","modified_gmt":"2024-07-29T10:05:02","slug":"election-aux-pays-bas-une-tempete-dans-un-verre-deau","status":"publish","type":"post","link":"https:\/\/lavamedia.be\/fr\/election-aux-pays-bas-une-tempete-dans-un-verre-deau\/","title":{"rendered":"\u00c9lection aux Pays-Bas : une temp\u00eate dans un verre d&rsquo;eau"},"content":{"rendered":"<p>Le nouveau Mouvement agriculteur-citoyen (BBB) est arriv\u00e9 en t\u00eate des derni\u00e8res \u00e9lections n\u00e9erlandaises. Cependant, la d\u00e9limitation des blocs de pouvoir existants reste parfaitement respect\u00e9e.<\/p>\n<figure id=\"attachment_43284\" aria-describedby=\"caption-attachment-43284\" style=\"width: 2560px\" class=\"wp-caption alignnone\"><img decoding=\"async\" class=\"size-full wp-image-43284\" src=\"https:\/\/lavamedia.be\/wp-content\/uploads\/2023\/04\/shutterstock_1532527700-scaled.jpg\" alt=\"\" width=\"2560\" height=\"1707\" \/><figcaption id=\"caption-attachment-43284\" class=\"wp-caption-text\">Shutterstock<\/figcaption><\/figure>\n<p>\u00ab Nulle part le ciel n&rsquo;est plus capricieux qu&rsquo;aux Pays-Bas \u00bb, aurait d\u00e9clar\u00e9 le r\u00e9formateur de l\u2019\u00c9glise Jean Calvin (1509-1564), faisant vraisemblablement allusion aux nombreuses luttes religieuses qui s\u00e9vissaient \u00e0 l&rsquo;\u00e9poque aux Pays-Bas. Cette m\u00eame m\u00e9taphore m\u00e9t\u00e9orologique pourrait \u00e9galement s&rsquo;appliquer aux r\u00e9sultats \u00e9lectoraux, qui semblent aussi impr\u00e9visibles que le ciel des Pays-Bas. Depuis le d\u00e9but du si\u00e8cle dernier, la politique n\u00e9erlandaise a ob\u00e9i \u00e0 quatre courants dominants : socialiste, lib\u00e9ral, catholique et protestant. Suite \u00e0 la fusion des deux derniers groupes par leurs repr\u00e9sentants, on a commenc\u00e9 \u00e0 parler d&rsquo;un \u00ab pays \u00e0 trois courants \u00bb, or la fragmentation croissante a progressivement transform\u00e9 le paysage politique en un delta caract\u00e9ris\u00e9 par des courants dominants (se r\u00e9sumant au seul VVD lib\u00e9ral-conservateur) et des courants secondaires (le reste)<span id='easy-footnote-1-43281' class='easy-footnote-margin-adjust'><\/span><span class='easy-footnote'><a href='https:\/\/lavamedia.be\/fr\/election-aux-pays-bas-une-tempete-dans-un-verre-deau\/#easy-footnote-bottom-1-43281' title='&lt;a href=&quot;https:\/\/www.lup.nl\/publications\/political-science\/van-driestromenland-tot-delta\/&quot;&gt;&lt;em&gt;Van driestromenland tot delta? Beschouwingen over ontwikkelingen in de Nederlandse politiek&lt;\/em&gt;&lt;\/a&gt;, Leiden University Press. 2019'><sup>1<\/sup><\/a><\/span><u>.<\/u><\/p>\n<figure id=\"attachment_43238\" aria-describedby=\"caption-attachment-43238\" style=\"width: 361px\" class=\"wp-caption alignright\"><img decoding=\"async\" class=\"size-full wp-image-43238\" src=\"https:\/\/lavamedia.be\/wp-content\/uploads\/2023\/03\/huijzer-recent.png\" alt=\"\" width=\"361\" height=\"360\" \/><figcaption id=\"caption-attachment-43238\" class=\"wp-caption-text\">Jouke Huijzer est r\u00e9dacteur de <em>Jacobin Nederland<\/em> et doctorant en sciences politiques \u00e0 l&rsquo;Universit\u00e9 libre de Bruxelles.<\/figcaption><\/figure>\n<blockquote class=\"western\"><p>Jusqu&rsquo;\u00e0 r\u00e9cemment, le paysage politique n\u00e9erlandais se d\u00e9clinait sous forme d&rsquo;un courant dominant (le VVD) et de courants secondaires (le reste).<\/p><\/blockquote>\n<p>Au cours des derni\u00e8res \u00e9lections, toutefois, ce n&rsquo;est pas l&rsquo;eau mais le ciel qui a fourni les meilleures m\u00e9taphores pour illustrer la politique n\u00e9erlandaise. On a ainsi vu le Premier ministre en poste, Mark Rutte, donner le coup d&rsquo;envoi de la derni\u00e8re campagne pour les \u00e9lections provinciales en lan\u00e7ant une attaque en r\u00e8gle, dans une interview accord\u00e9e \u00e0 <i>De Telegraaf<\/i>, contre ce qu&rsquo;il a appel\u00e9 \u00ab le nuage de gauche \u00bb<span id='easy-footnote-2-43281' class='easy-footnote-margin-adjust'><\/span><span class='easy-footnote'><a href='https:\/\/lavamedia.be\/fr\/election-aux-pays-bas-une-tempete-dans-un-verre-deau\/#easy-footnote-bottom-2-43281' title='&lt;a href=&quot;https:\/\/www.telegraaf.nl\/nieuws\/915187682\/vvd-kraakt-linkse-wolk-dat-zou-slecht-nieuws-zijn-voor-de-hardwerkende-nederlander&quot;&gt;\u201cVVD kraakt \u2019linkse wolk\u2019: \u2019Dat zou slecht nieuws zijn voor de hardwerkende Nederlander\u2019\u201d&lt;\/a&gt;, &lt;em&gt;De Telegraaf&lt;\/em&gt;, 27 janvier 2023.'><sup>2<\/sup><\/a><\/span><u>.<\/u> M. Rutte faisait l\u00e0 principalement r\u00e9f\u00e9rence \u00e0 la GroenLinks (Gauche verte) et au Parti travailliste social-d\u00e9mocrate (PvdA), qui forment un groupe commun au sein de la Premi\u00e8re chambre qui doit prochainement \u00eatre constitu\u00e9e par les membres des \u00c9tats provinciaux r\u00e9cemment \u00e9lus. Cette confrontation avec la gauche n&rsquo;a pas \u00e9t\u00e9 des plus convaincantes, d&rsquo;autant que pour la plupart des dossiers politiques et des amendements l\u00e9gislatifs, la coalition coop\u00e8re avec ce m\u00eame \u00ab\u00a0nuage de gauche\u00a0\u00bb. Le VVD est n\u00e9anmoins parvenu, dans une certaine mesure, \u00e0 \u00e9carter la plupart des autres partis de droite.<\/p>\n<h2 class=\"western\">Azote<\/h2>\n<p>Mais l&rsquo;air a domin\u00e9 la derni\u00e8re campagne d\u2019une tout autre mani\u00e8re. Le \u00ab\u00a0d\u00e9bat sur l&rsquo;azote\u00a0\u00bb a de loin re\u00e7u le plus d&rsquo;attention. Depuis un peu moins de quatre ans, il appara\u00eet clairement que si les Pays-Bas tiennent \u00e0 pr\u00e9server leur environnement et leur biodiversit\u00e9, il leur faudra r\u00e9duire leur cheptel de moiti\u00e9 au moins, de mani\u00e8re \u00e0 diminuer la quantit\u00e9 d&rsquo;azote dans l&rsquo;air. Concr\u00e8tement, il est question de fermer un grand nombre d&rsquo;exploitations de grande envergure et d&rsquo;exproprier un grand nombre d&rsquo;agriculteurs. Bien que le cheptel ait doubl\u00e9 depuis 2010, que la majeure partie de la production soit destin\u00e9e \u00e0 l&rsquo;exportation et qu&rsquo;un agriculteur sur cinq soit millionnaire, ces id\u00e9es ont suscit\u00e9 une vive r\u00e9sistance. En partie en raison de politiques inad\u00e9quates et incoh\u00e9rentes, et en partie aussi parce que de nombreux exploitants agricoles de taille moyenne ont contract\u00e9 des engagements importants, aupr\u00e8s de la banque Rabobank notamment, qu&rsquo;ils ont aujourd&rsquo;hui beaucoup de mal \u00e0 honorer.<\/p>\n<p>Pour les fabricants d&rsquo;aliments pour b\u00e9tail en particulier, la r\u00e9duction de moiti\u00e9 du cheptel repr\u00e9sente une perte s\u00e8che, dans la mesure o\u00f9 ils se voient priv\u00e9s d&rsquo;une grande partie de leur march\u00e9. Face \u00e0 cette situation, ces entreprises ont d\u00e9bloqu\u00e9 des aides financi\u00e8res consid\u00e9rables, notamment \u00e0 diverses organisations et groupes d&rsquo;action qui ont, \u00e0 leur tour, organis\u00e9 des barrages routiers cibl\u00e9s sur les grands axes desservant les capitales provinciales. Une agence de marketing a \u00e9galement \u00e9t\u00e9 engag\u00e9e pour coordonner la campagne de communication des groupes de pression, pour faire en sorte que la question de l&rsquo;azote figure en t\u00eate de l&rsquo;agenda \u00e9lectoral<span id='easy-footnote-3-43281' class='easy-footnote-margin-adjust'><\/span><span class='easy-footnote'><a href='https:\/\/lavamedia.be\/fr\/election-aux-pays-bas-une-tempete-dans-un-verre-deau\/#easy-footnote-bottom-3-43281' title='&lt;a href=&quot;https:\/\/www.youtube.com\/watch?v=_6mbSJJr7wM&quot;&gt;\u201cGrote geldverdieners in de boerenbusiness | Tot op de bodem | De Avondshow (S3)\u201d&lt;\/a&gt;, &lt;em&gt;YouTube&lt;\/em&gt;, 7 mars 2023.'><sup>3<\/sup><\/a><\/span><u>.<\/u><\/p>\n<blockquote class=\"western\"><p>Les fabricants d\u2019aliments pour b\u00e9tail et les agriculteurs fortun\u00e9s (un sur cinq est millionnaire\u00a0!) ont r\u00e9ussi \u00e0 maintenir la question de l&rsquo;azote au premier plan, non sans \u00eatre aid\u00e9s par des bureaux de conseil et de marketing.<\/p><\/blockquote>\n<p>En 2018, une autre agence de publicit\u00e9 comptant de nombreux clients dans le secteur agricole, dont Bayer et Monsanto, a d\u00e9cid\u00e9 de cr\u00e9er un parti politique ayant vocation \u00e0 servir les int\u00e9r\u00eats des agriculteurs. Elle l&rsquo;a baptis\u00e9 \u00ab\u00a0BoerBurger Beweging\u00a0\u00bb (BBB), ou Mouvement agriculteur-citoyen. Ce parti a d\u00e9croch\u00e9 \u00e0 une courte majorit\u00e9 un si\u00e8ge \u00e0 la Chambre des repr\u00e9sentants en 2021, qui a \u00e9t\u00e9 repris par la chef de file Caroline van der Plas. Le choix de Mme Van der Plas, m\u00e8re c\u00e9libataire, ancienne candidate de l&rsquo;Appel chr\u00e9tien-d\u00e9mocrate (Christendemocratisch App\u00e8l, CDA) et journaliste pour une revue agricole, s&rsquo;est av\u00e9r\u00e9 \u00eatre un coup de ma\u00eetre sur le plan strat\u00e9gique. Avec son c\u00f4t\u00e9 <em>terre \u00e0 terre<\/em>, elle s&rsquo;est r\u00e9v\u00e9l\u00e9e une alternative attrayante \u00e0 la violence verbale grandiloquente dont font montre ses rivaux \u00e9lectoraux dans l&rsquo;ar\u00e8ne politique. Par ailleurs, \u00e0 l&rsquo;instar d&rsquo;autres partis de la droite radicale, elle ne se prive pas non plus de propos sans fondement selon lesquels la nature se porterait comme un charme.<\/p>\n<p>Le BBB joue sur la corde raide entre une droite radicale qui tente de s&rsquo;opposer \u00e0 l&rsquo;establishment et la d\u00e9mocratie chr\u00e9tienne du CDA qui, au m\u00eame titre que le CD&amp;V, se trouvait encore au c\u0153ur de l&rsquo;establishment il y a plus d&rsquo;une d\u00e9cennie. Ainsi, le BBB parvient \u00e0 p\u00eacher dans deux bassins \u00e9lectoraux\u00a0: d&rsquo;une part la droite nationaliste, d&rsquo;autre part les conservateurs et les d\u00e9mocrates-chr\u00e9tiens. Le BBB joue sur les sentiments nostalgiques et nationalistes en se faisant le gardien du paysage n\u00e9erlandais traditionnel. Il se positionne plus \u00e0 droite que les partis de la coalition (de droite) en ce qui concerne les objectifs climatiques, mais vote r\u00e9guli\u00e8rement avec les partis de gauche sur les enjeux sociaux.<\/p>\n<p>En ce sens, le parti se rapproche beaucoup du CDA d&rsquo;antan, qui a vu une grande partie de son \u00e9lectorat, d\u00e9j\u00e0 r\u00e9duit comme une peau de chagrin, d\u00e9serter ses rangs en faveur du BBB. Rien d&rsquo;\u00e9tonnant \u00e0 cela, car si de nombreuses personnes s&rsquo;identifient volontiers \u00e0 Van der Plas, on peut difficilement en dire autant du chef de file du CDA, Wopke Hoekstra. M. Hoekstra a \u00e9t\u00e9 pr\u00e9sident de l&rsquo;association des \u00e9tudiants de Leyde, Minerva (historiquement l&rsquo;une des associations d&rsquo;\u00e9tudiants les plus \u00e9litistes du pays), et a ensuite fait carri\u00e8re chez Shell et McKinsey.<\/p>\n<blockquote class=\"western\"><p>Le BBB joue sur la corde raide entre une droite radicale qui tente de s&rsquo;opposer \u00e0 l&rsquo;establishment, et la d\u00e9mocratie chr\u00e9tienne conservatrice.<\/p><\/blockquote>\n<p>Peu apr\u00e8s sa nomination au poste de ministre des Finances, son nom est apparu dans les Pandora Papers pour avoir \u00e9t\u00e9 copropri\u00e9taire d&rsquo;une soci\u00e9t\u00e9s bo\u00eete aux lettres dans les \u00eeles Vierges. Si le VVD regorge de telles figures, les \u00e9lecteurs du CDA attendent toujours de leur dirigeant un positionnement plus social\u00a0: moins ax\u00e9 sur le march\u00e9 et plus sur la soci\u00e9t\u00e9 civile.<\/p>\n<h2 class=\"western\">M\u00e9dias<\/h2>\n<p>Le dernier scrutin n&rsquo;a toutefois pas seulement \u00e9t\u00e9 marqu\u00e9 par la mont\u00e9e du BBB et l&rsquo;implosion progressive du CDA. Cette \u00e9lection a \u00e9galement confirm\u00e9 le r\u00f4le des m\u00e9dias \u00e0 l&rsquo;heure de d\u00e9finir l&rsquo;agenda politique, quels sont les acteurs qui ont le vent en poupe et quels sont ceux qui peuvent observer la situation de loin. Les r\u00e9dactions ont r\u00e9solu de ne pas s&rsquo;appesantir outre mesure sur l&rsquo;inflation galopante, le nombre croissant de personnes \u00e9conomiquement vuln\u00e9rables, la suppression des effectifs de l&rsquo;a\u00e9roport de Schiphol ou les r\u00e9sultats accablants de l&rsquo;enqu\u00eate parlementaire r\u00e9cemment publi\u00e9e sur les forages gaziers de Groningen (Groningue)<span id='easy-footnote-4-43281' class='easy-footnote-margin-adjust'><\/span><span class='easy-footnote'><a href='https:\/\/lavamedia.be\/fr\/election-aux-pays-bas-une-tempete-dans-un-verre-deau\/#easy-footnote-bottom-4-43281' title='Marin Kuijt, &lt;a href=&quot;https:\/\/jacobin.nl\/groningen-gaswinning-parlementaire-enquete\/&quot;&gt;\u201c&lt;\/a&gt;&lt;a href=&quot;https:\/\/jacobin.nl\/groningen-gaswinning-parlementaire-enquete\/&quot;&gt;Het kabinet probeert het gasdossier buiten de verkiezingen te houden\u201d&lt;\/a&gt;, &lt;em&gt;Jacobin Nederland&lt;\/em&gt;, 14 mars 2021.'><sup>4<\/sup><\/a><\/span><u>.<\/u> Non, il fallait surtout parler de l&rsquo;azote et du foss\u00e9 entre les zones urbaines et rurales, ce qui s&rsquo;est av\u00e9r\u00e9 particuli\u00e8rement opportun pour les chefs (de liste) du BBB. La d\u00e9cision non transparente d&rsquo;accorder autant d&rsquo;attention \u00e0 cette question est tout aussi fallacieuse que les chroniqueurs politiques qui ont fait ce choix et qui font mine de s&rsquo;\u00e9tonner par la suite, pendant le bilan de campagne, de l&rsquo;importance pr\u00e9pond\u00e9rante accord\u00e9e \u00e0 la question de l&rsquo;azote, comme s&rsquo;ils n&rsquo;y \u00e9taient eux-m\u00eames pour rien.<\/p>\n<p>Le r\u00f4le ambigu des m\u00e9dias n&rsquo;est pas nouveau : il y a quatre ans, les diff\u00e9rents organes de presse s&rsquo;\u00e9taient ing\u00e9ni\u00e9s \u00e0 pr\u00e9senter Thierry Baudet au public n\u00e9erlandais sous un jour avant tout quasi messianique, et ce en d\u00e9pit des nombreux avertissements et signaux alertant sur le caract\u00e8re profond\u00e9ment fascisant de ses propos. Il s&rsquo;est ensuivi une victoire \u00e9lectorale au cours de laquelle son parti, le Forum voor Democratie (Forum pour la d\u00e9mocratie, FvD), a instantan\u00e9ment pris la t\u00eate du scrutin avec un peu moins de 15 % des voix. Lorsqu&rsquo;il s&rsquo;est av\u00e9r\u00e9 par la suite que M. Baudet nourrissait effectivement de nombreuses opinions racistes (ou qu&rsquo;il \u00ab gardait chez lui une paire de bottes brunes \u00bb, comme l&rsquo;a d\u00e9nonc\u00e9 Attje Kuiken, leader du PvdA, lors de la derni\u00e8re campagne \u00e9lectorale), la question n&rsquo;a gu\u00e8re suscit\u00e9 d&rsquo;attention de la part du radiodiffuseur public national ou d&rsquo;autres m\u00e9dias<span id='easy-footnote-5-43281' class='easy-footnote-margin-adjust'><\/span><span class='easy-footnote'><a href='https:\/\/lavamedia.be\/fr\/election-aux-pays-bas-une-tempete-dans-un-verre-deau\/#easy-footnote-bottom-5-43281' title='&lt;a href=&quot;https:\/\/www.rtlnieuws.nl\/nieuws\/politiek\/artikel\/5213604\/appverkeer-met-geur-van-racisme-tussen-thierry-baudet-en&quot;&gt;\u201cRacistische uitspraken van Thierry Baudet op WhatsApp opgedoken\u201d&lt;\/a&gt;, &lt;em&gt;RTL&lt;\/em&gt;, 9 f\u00e9vrier 2021.'><sup>5<\/sup><\/a><\/span><u>.<\/u> D\u00e9sormais, toute l&rsquo;attention se portait sur le BBB, parti qui a obtenu plus de 20\u00a0% des voix, tandis que le FvD, avec seulement 3,5\u00a0% des voix, n&rsquo;\u00e9tait plus que l&rsquo;ombre de ce qu&rsquo;il \u00e9tait il y a quatre ans.<\/p>\n<h2 class=\"western\">Classe<\/h2>\n<p>\u00ab\u00a0On ne se lasse jamais du ciel des Pays-Bas\u00a0\u00bb, entend-on souvent. Si on aurait pu en dire de m\u00eame \u00e0 propos des \u00e9lections n\u00e9erlandaises, celles-ci commencent \u00e0 susciter une lassitude croissante. Ce sont en effet toujours des partis de droite (radicale) qui \u00e9mergent, connaissent une br\u00e8ve apog\u00e9e, avant de passer le relais \u00e0 la prochaine <i>\u00e9toile montante<\/i> de la droite &#8211; Fortuyn, Wilders, Baudet et, \u00e0 pr\u00e9sent, Van der Plas.<\/p>\n<blockquote class=\"western\"><p>Un million de N\u00e9erlandais vivent en dessous du seuil de pauvret\u00e9, 60\u00a0% sont \u00e9conomiquement vuln\u00e9rables, or il n&rsquo;existe pas \u00e0 proprement parler de mouvement d&rsquo;indignation politique efficace \u00e0 m\u00eame de faire bouger les choses.<\/p><\/blockquote>\n<p>Le fait qu&rsquo;avant chaque \u00e9lection, on sp\u00e9cule surtout sur qui sera \u00ab\u00a0le plus grand\u00a0\u00bb et qu&rsquo;apr\u00e8s chaque \u00e9lection, on analyse comment tel ou tel parti l\u2019est finalement devenu, nous ferait presque oublier que la politique n&rsquo;est pas seulement une question de \u00ab\u00a0qui l&#8217;emporte\u00a0\u00bb. Les majorit\u00e9s et les politiques qu&rsquo;elles m\u00e8nent ont des cons\u00e9quences consid\u00e9rables pour les personnes, la soci\u00e9t\u00e9 et l&rsquo;environnement. Sur les plans social et environnemental, le passage \u00e0 droite de ces majorit\u00e9s au cours de ces derni\u00e8res ann\u00e9es s&rsquo;est traduit au mieux par un statu quo, mais plus souvent par une r\u00e9gression.<\/p>\n<p>Il a r\u00e9cemment \u00e9t\u00e9 r\u00e9v\u00e9l\u00e9 qu&rsquo;un million de N\u00e9erlandais (sur 17 millions d&rsquo;habitants) vivent sous le seuil de pauvret\u00e9, que 42 % des m\u00e9nages en 2022 \u00e9taient confront\u00e9s \u00e0 des difficult\u00e9s de paiement et que six m\u00e9nages sur dix se trouvaient en situation de vuln\u00e9rabilit\u00e9 \u00e9conomique<span id='easy-footnote-6-43281' class='easy-footnote-margin-adjust'><\/span><span class='easy-footnote'><a href='https:\/\/lavamedia.be\/fr\/election-aux-pays-bas-une-tempete-dans-un-verre-deau\/#easy-footnote-bottom-6-43281' title='Thijs R\u00f6sken, &lt;a href=&quot;https:\/\/www.nu.nl\/economie\/6254527\/miljoen-nederlanders-onder-wie-230000-kinderen-onder-armoedegrens-in-2024.html&quot;&gt;\u201cMiljoen Nederlanders, onder wie 230.000 kinderen, onder armoedegrens in 2024\u201d&lt;\/a&gt;, &lt;em&gt;nu.nl&lt;\/em&gt;, 9 mars 2023; en &lt;a href=&quot;https:\/\/www.nibud.nl\/dossiers\/geldproblemen-in-nederland\/&quot;&gt;\u201cGeldproblemen in Nederland\u201d&lt;\/a&gt;, &lt;em&gt;NIBUD&lt;\/em&gt;, 2023.'><sup>6<\/sup><\/a><\/span><u>.<\/u> On pourrait penser que les conditions sont r\u00e9unies pour une politique fortement ax\u00e9e sur les classes sociales, mais \u00e9trangement, un mouvement d&rsquo;indignation politique capable de mobiliser de grandes foules n&rsquo;a pas encore vu le jour. D&rsquo;une part, parce que les m\u00e9dias ne rendent que tr\u00e8s peu compte des mobilisations sociales et, d&rsquo;autre part, parce que le ton des acteurs de gauche laisse beaucoup \u00e0 d\u00e9sirer.<\/p>\n<p>Les sociaux-d\u00e9mocrates (PvdA) et la GroenLinks- le fameux \u00ab\u00a0nuage de gauche\u00a0\u00bb &#8211; se posent avant tout en gardiens du <i>statu quo<\/i> et prot\u00e8gent le consensus existant contre les attaques de l&rsquo;extr\u00eame droite. Ils sembleraient toutefois peu \u00e0 peu se rendre compte que s&rsquo;ils veulent d\u00e9passer le simple statu quo, ils doivent se faire les d\u00e9fenseurs d&rsquo;un programme social et \u00e9cologique plus ambitieux. Et surtout qu&rsquo;ils ne doivent pas pr\u00eacher \u00e0 tout bout de champ l\u2019\u00ab\u00a0unit\u00e9\u00a0\u00bb, et oser \u00e0 la place affronter le capital en tant qu&rsquo;exploiteur des personnes et de l&rsquo;environnement. De fait, d\u00e9signer un coupable, un adversaire, un ennemi m\u00eame, c&rsquo;est exactement l\u00e0 o\u00f9 la droite montante excelle et o\u00f9 la gauche un peu indulgente manque le coche.<\/p>\n<blockquote class=\"western\"><p>D\u00e9signer un coupable, un adversaire, un ennemi m\u00eame, c&rsquo;est exactement l\u00e0 o\u00f9 la droite montante excelle et o\u00f9 la gauche un peu indulgente manque le coche.<\/p><\/blockquote>\n<p><a name=\"easy-footnote-7-43043\"><\/a>Le Socialistische Partij (parti socialiste, SP) &#8211; nagu\u00e8re une source d&rsquo;inspiration majeure pour le PTB en Belgique &#8211; serait un candidat tout d\u00e9sign\u00e9 pour mettre en \u0153uvre un vaste projet de classe. Or ce parti se montre r\u00e9tif \u00e0 toute politique novatrice et se pose en pourfendeur de ce qu&rsquo;il nomme la \u00ab gauche \u00e9litiste \u00bb, un parall\u00e8le peut \u00eatre fait en Belgique avec la campagne anti- \u00ab woke \u00bb, comme de la droite capitaliste<span id='easy-footnote-7-43281' class='easy-footnote-margin-adjust'><\/span><span class='easy-footnote'><a href='https:\/\/lavamedia.be\/fr\/election-aux-pays-bas-une-tempete-dans-un-verre-deau\/#easy-footnote-bottom-7-43281' title='Frank Hendrickx, &lt;a href=&quot;https:\/\/www.volkskrant.nl\/nieuws-achtergrond\/sp-leider-lilian-marijnissen-zet-zich-af-tegen-elitair-links~b405e69d\/?referrer=https%3A%2F%2Flavamedia.be%2F&quot;&gt;\u201cSP-leider Lilian Marijnissen zet zich af tegen \u2018elitair links\u2019\u201d&lt;\/a&gt;, &lt;em&gt;De Volkskrant&lt;\/em&gt;, 19 f\u00e9vrier 2022.'><sup>7<\/sup><\/a><\/span><u>.<\/u> Depuis six \u00e9lections &#8211; locales, nationales et europ\u00e9ennes &#8211; le parti est dirig\u00e9 par Lilian Marijnissen, fille du fondateur Jan Marijnissen. \u00c9lue en 2017, elle a acc\u00e9d\u00e9 \u00e0 la t\u00eate du parti via la <i>file prioritaire<\/i>. Entre-temps, plusieurs membres s&rsquo;en sont vus exclus pour s&rsquo;\u00eatre montr\u00e9s trop radicaux, des \u00ab communistes de placard \u00bb selon le parti, alors que le SP a aussi rompu avec le mouvement de la jeunesse Rood<span id='easy-footnote-8-43281' class='easy-footnote-margin-adjust'><\/span><span class='easy-footnote'><a href='https:\/\/lavamedia.be\/fr\/election-aux-pays-bas-une-tempete-dans-un-verre-deau\/#easy-footnote-bottom-8-43281' title='&lt;a href=&quot;https:\/\/nos.nl\/nieuwsuur\/artikel\/2356850-sp-zet-geradicaliseerde-zolderkamercommunisten-de-partij-uit&quot;&gt;\u201cSP zet \u2018geradicaliseerde zolderkamercommunisten\u2019 de partij uit\u201d&lt;\/a&gt;, &lt;em&gt;NOS&lt;\/em&gt;, 16 novembre 2020.'><sup>8<\/sup><\/a><\/span><u>.<\/u><\/p>\n<p>\u00c9loquente, Lilian Marijnissen est tr\u00e8s pr\u00e9sente sur les plateaux de t\u00e9l\u00e9vision, mais on la voit surtout dans des \u00e9missions d&rsquo;actualit\u00e9 clairement orient\u00e9es \u00e0 droite. Ainsi, on l&rsquo;entend r\u00e9guli\u00e8rement plaider en faveur d&rsquo;un gel des flux migratoires, sous peine d&rsquo;une stagnation ind\u00e9finie des salaires, et faire preuve de peu d&#8217;empathie \u00e0 l&rsquo;\u00e9gard des migrants en qu\u00eate d&rsquo;une vie meilleure pour eux-m\u00eames ou pour leur famille<span id='easy-footnote-9-43281' class='easy-footnote-margin-adjust'><\/span><span class='easy-footnote'><a href='https:\/\/lavamedia.be\/fr\/election-aux-pays-bas-une-tempete-dans-un-verre-deau\/#easy-footnote-bottom-9-43281' title='&lt;span lang=&quot;fr-FR&quot;&gt;Voir, par exemple, Bas Altena, &lt;a href=&quot;https:\/\/eenvandaag.avrotros.nl\/item\/geen-hogere-lonen-door-arbeidsmigratie-uitspraak-marijnissen-lijkt-tactisch\/&quot;&gt;\u201cGeen hogere lonen door arbeidsmigratie? Uitspraak Marijnissen onder de loep\u201d&lt;\/a&gt;, &lt;\/span&gt;&lt;em&gt;&lt;span lang=&quot;fr-FR&quot;&gt;EenVandaag&lt;\/span&gt;&lt;\/em&gt;&lt;span lang=&quot;fr-FR&quot;&gt;, 25 f\u00e9vrier 2019\u00a0; &lt;a href=&quot;https:\/\/op1npo.nl\/2022\/11\/22\/lilian-marijnissen-wil-arbeidsmigratie-beperken\/&quot;&gt;\u201cLilian Marijnissen wil tijdelijke stop op arbeidsmigratie\u201d&lt;\/a&gt;, &lt;\/span&gt;&lt;em&gt;&lt;span lang=&quot;fr-FR&quot;&gt;NPO1&lt;\/span&gt;&lt;\/em&gt;&lt;span lang=&quot;fr-FR&quot;&gt;, 22 novembre 2022\u00a0; &lt;a href=&quot;https:\/\/wnl.tv\/2019\/02\/24\/marijnissen-sp-wil-arbeidsmigratie-beperken-open-eu-grenzen-zijn-het-probleem\/&quot;&gt;\u201cMarijnissen (SP) wil arbeidsmigratie beperken: \u2018Open EU-grenzen zijn het probleem\u2019\u201d&lt;\/a&gt;,\u00a0&lt;\/span&gt;&lt;em&gt;&lt;span lang=&quot;fr-FR&quot;&gt;WNL op Zondag&lt;\/span&gt;&lt;\/em&gt;&lt;span lang=&quot;fr-FR&quot;&gt;, 24 f\u00e9vrier 2019.&lt;\/span&gt;'><sup>9<\/sup><\/a><\/span><u>.<\/u> Dans la mesure o\u00f9 de nombreuses personnes \u00e9conomiquement vuln\u00e9rables sont pr\u00e9cis\u00e9ment issues de l&rsquo;immigration, son discours ne trouve gu\u00e8re d&rsquo;\u00e9cho aupr\u00e8s de la classe ouvri\u00e8re que le SP s&rsquo;efforce de rallier. La cons\u00e9quence visible est que le soutien au parti semble en chute libre et qu&rsquo;il a perdu six \u00e9lections cons\u00e9cutives.<\/p>\n<h2 class=\"western\">Politique culturelle<\/h2>\n<p>Les Pays-Bas restent donc domin\u00e9s par la politique culturelle. De Sigrid Kaag, dirigeante du D66, qui, lors d&rsquo;une visite dans un village de la province d\u2019Overijssel, berceau du BBB, a \u00e9t\u00e9 accueillie par une foule en col\u00e8re brandissant des torches, \u00e0 JA21 (un autre nouveau venu) qui, comme tant d&rsquo;autres partis, tente de se positionner autour d&rsquo;enjeux tels que la migration et le \u00ab climatoscepticisme \u00bb<span id='easy-footnote-10-43281' class='easy-footnote-margin-adjust'><\/span><span class='easy-footnote'><a href='https:\/\/lavamedia.be\/fr\/election-aux-pays-bas-une-tempete-dans-un-verre-deau\/#easy-footnote-bottom-10-43281' title='&lt;a href=&quot;https:\/\/www.rtlnieuws.nl\/nieuws\/nederland\/artikel\/5366916\/minister-kaag-opgewacht-door-demonstranten-met-brandende-fakkels&quot;&gt;\u201cMinister Kaag opgewacht door demonstranten met brandende fakkels\u201d&lt;\/a&gt;, &lt;em&gt;RTL Nieuws&lt;\/em&gt;, 20 f\u00e9vrier 2023.'><sup>10<\/sup><\/a><\/span><u>.<\/u> Soucieux de se faire une place dans la lutte duale dominante, le D66, en particulier, cherche activement la confrontation avec l&rsquo;extr\u00eame droite &#8211; et, il faut bien l&rsquo;admettre, son programme ne semble qu\u2019un brin plus r\u00e9jouissant que celui de ces partis. Qui plus est, l&rsquo;extr\u00eame droite cherche \u00e0 son tour la confrontation avec Mme Kaag en encourageant activement ses partisans \u00e0 lui adresser des messages de haine sexistes<span id='easy-footnote-11-43281' class='easy-footnote-margin-adjust'><\/span><span class='easy-footnote'><a href='https:\/\/lavamedia.be\/fr\/election-aux-pays-bas-une-tempete-dans-un-verre-deau\/#easy-footnote-bottom-11-43281' title='&lt;a href=&quot;https:\/\/twitter.com\/geertwilderspvv\/status\/1409773130084671490&quot;&gt;@geertwilderspvv&lt;\/a&gt;, \u201cHeks.\u201d, &lt;em&gt;Twitter&lt;\/em&gt;, 29 juni 2021.'><sup>11<\/sup><\/a><\/span><u>.<\/u> Cependant, le principal concurrent \u00e9lectoral du D66 est \u00e0 trouver du c\u00f4t\u00e9 du parti pro- et paneurop\u00e9en Volt (\u00e9galement un nouveau venu), qui n&rsquo;est pas li\u00e9 par un accord de coalition, mais qui diff\u00e8re peu du D66 d&rsquo;un point de vue id\u00e9ologique.<\/p>\n<blockquote class=\"western\"><p>Tout changement v\u00e9ritable exige un projet de classe qui ne se laisse pas perturber par les politiques culturelles de la droite, mais qui d\u00e9finit lui-m\u00eame les termes du d\u00e9bat.<\/p><\/blockquote>\n<p>La derni\u00e8re campagne \u00e9lectorale laissait pr\u00e9sager une nouvelle temp\u00eate politique, mais en d\u00e9finitive, les d\u00e9g\u00e2ts ne semblent pas trop importants. Les changements dans les relations de pouvoir ont \u00e9t\u00e9 principalement observ\u00e9s au sein du bloc de gauche ou de droite. La nouvelle r\u00e9partition des si\u00e8ges au S\u00e9nat devrait renforcer les tendances d\u00e9j\u00e0 amorc\u00e9es<span id='easy-footnote-12-43281' class='easy-footnote-margin-adjust'><\/span><span class='easy-footnote'><a href='https:\/\/lavamedia.be\/fr\/election-aux-pays-bas-une-tempete-dans-un-verre-deau\/#easy-footnote-bottom-12-43281' title='&lt;a href=&quot;https:\/\/nos.nl\/collectie\/13923\/artikel\/2467604-bekijk-hier-alle-uitslagen-van-de-provinciale-statenverkiezingen&quot;&gt;\u201cBekijk hier alle resultaten van de provinciale kamerverkiezingen\u201d&lt;\/a&gt;, &lt;em&gt;NOS&lt;\/em&gt;, 15 mars 2023.'><sup>12<\/sup><\/a><\/span><u>.<\/u> N&rsquo;ayant pas d\u00e9croch\u00e9 la majorit\u00e9, la coalition se voit contrainte soit de n\u00e9gocier avec la gauche &#8211; GroenLinks-PvdA, soit de frayer avec la droite &#8211; BBB. Ces partis se compl\u00e8tent bien, si bien que les ajustements politiques devraient \u00eatre relativement limit\u00e9s. N\u00e9anmoins, si l&rsquo;on prend l&rsquo;ensemble des partis de gauche et le BBB, ceux-ci disposent \u00e9galement d&rsquo;une majorit\u00e9. Et bien que le BBB soit diam\u00e9tralement oppos\u00e9 \u00e0 la plupart des partis de gauche sur les enjeux de l&rsquo;environnement et du climat, il pourrait y avoir mati\u00e8re \u00e0 travailler sur les enjeux sociaux.<\/p>\n<p>Il ne faut gu\u00e8re s&rsquo;attendre \u00e0 des interventions ou \u00e0 des changements majeurs, tout au plus \u00e0 des am\u00e9nagements marginaux. Tout changement structurel r\u00e9el aux Pays-Bas exigerait un nouveau projet de classe d\u00e9mocratique qui ne se laisse pas perturber par les politiques culturelles de la droite, mais d\u00e9finit lui-m\u00eame les termes du d\u00e9bat. Toujours est-il qu&rsquo;un projet d&rsquo;une telle ampleur supposerait, selon toute vraisemblance, de devoir repartir sur de nouvelles bases.<\/p>\n","protected":false},"excerpt":{"rendered":"<p>Le nouveau Mouvement agriculteur-citoyen (Boer Burger Beweging, BBB) est arriv\u00e9 en t\u00eate des derni\u00e8res \u00e9lections n\u00e9erlandaises. Cependant, la d\u00e9limitation des blocs de pouvoir existants reste parfaitement respect\u00e9e. <\/p>\n","protected":false},"author":2301,"featured_media":43284,"comment_status":"closed","ping_status":"closed","sticky":false,"template":"","format":"standard","meta":{"_acf_changed":false,"footnotes":""},"categories":[16,17],"tags":[3247,3248,3592],"class_list":["post-43281","post","type-post","status-publish","format-standard","has-post-thumbnail","hentry","category-article-fr","category-articles-fr","tag-europe","tag-extreme-droite","tag-jouke-huijzer-fr"],"acf":[],"aioseo_notices":[],"_links":{"self":[{"href":"https:\/\/lavamedia.be\/fr\/wp-json\/wp\/v2\/posts\/43281","targetHints":{"allow":["GET"]}}],"collection":[{"href":"https:\/\/lavamedia.be\/fr\/wp-json\/wp\/v2\/posts"}],"about":[{"href":"https:\/\/lavamedia.be\/fr\/wp-json\/wp\/v2\/types\/post"}],"author":[{"embeddable":true,"href":"https:\/\/lavamedia.be\/fr\/wp-json\/wp\/v2\/users\/2301"}],"replies":[{"embeddable":true,"href":"https:\/\/lavamedia.be\/fr\/wp-json\/wp\/v2\/comments?post=43281"}],"version-history":[{"count":8,"href":"https:\/\/lavamedia.be\/fr\/wp-json\/wp\/v2\/posts\/43281\/revisions"}],"predecessor-version":[{"id":43401,"href":"https:\/\/lavamedia.be\/fr\/wp-json\/wp\/v2\/posts\/43281\/revisions\/43401"}],"wp:featuredmedia":[{"embeddable":true,"href":"https:\/\/lavamedia.be\/fr\/wp-json\/wp\/v2\/media\/43284"}],"wp:attachment":[{"href":"https:\/\/lavamedia.be\/fr\/wp-json\/wp\/v2\/media?parent=43281"}],"wp:term":[{"taxonomy":"category","embeddable":true,"href":"https:\/\/lavamedia.be\/fr\/wp-json\/wp\/v2\/categories?post=43281"},{"taxonomy":"post_tag","embeddable":true,"href":"https:\/\/lavamedia.be\/fr\/wp-json\/wp\/v2\/tags?post=43281"}],"curies":[{"name":"wp","href":"https:\/\/api.w.org\/{rel}","templated":true}]}}