{"id":38431,"date":"2022-03-31T07:00:34","date_gmt":"2022-03-31T05:00:34","guid":{"rendered":"https:\/\/lavamedia.be\/?p=38431"},"modified":"2022-04-01T13:27:20","modified_gmt":"2022-04-01T11:27:20","slug":"editorial-lava-20","status":"publish","type":"post","link":"https:\/\/lavamedia.be\/fr\/editorial-lava-20\/","title":{"rendered":"\u00c9ditorial Lava 20"},"content":{"rendered":"<p>Lava souffle ses cinq bougies avec ce vingti\u00e8me num\u00e9ro. \u00c0 l\u2019issue de la pand\u00e9mie, en temps de guerre et \u00e0 l\u2019heure o\u00f9 l\u2019extr\u00eame droite fait flor\u00e8s, nous sommes encore plus d\u00e9termin\u00e9s dans notre projet.<\/p>\n<img decoding=\"async\" class=\"alignnone size-full wp-image-24033\" src=\"https:\/\/lavamedia.be\/wp-content\/uploads\/2019\/12\/Lava1.png\" alt=\"\" width=\"1367\" height=\"967\" \/>\n<p>Au moment o\u00f9 Lava mettait sous presse, la guerre a \u00e9clat\u00e9 en Ukraine. L\u2019invasion russe est criminelle. En vertu du droit international, l\u2019invasion constitue un acte d\u2019agression et une violation de l\u2019int\u00e9grit\u00e9 territoriale de l\u2019Ukraine. Les images qui nous parviennent de la souffrance de la population et de la d\u00e9vastation sont abominables. La voie \u00e0 suivre est d\u00e9sormais d\u2019utiliser tous les instruments pour mettre un frein au conflit, plut\u00f4t que de l\u2019intensifier. Jeter de l\u2019huile sur le feu met en danger la s\u00e9curit\u00e9 de tous, avec comme sc\u00e9nario d\u2019horreur absolu l\u2019utilisation d\u2019armes nucl\u00e9aires.<\/p>\n<p>\u00abPrincipes \u00e9l\u00e9mentaires de la propagande de guerre. Utilisables en cas de guerre froide, chaude ou ti\u00e8de\u00bb de l&rsquo;historienne Anne Morelli est un ouvrage extr\u00eamement utile qui propose dix principes de base pour comprendre l&rsquo;avalanche de rh\u00e9torique guerri\u00e8re. Chaque partie bellig\u00e9rante d\u00e9ploie des mensonges pour pr\u00e9parer les esprits et les c\u0153urs \u00e0 la guerre. \u00abCeux (et celles) qui mettent en doute notre propagande sont des tra\u00eetres\u00bb est l&rsquo;un de ces principes de base. Dans son propre pays, le PTB a pu en faire l&rsquo;exp\u00e9rience, lui qui, bien que condamnant clairement l&rsquo;invasion, a \u00e9t\u00e9 qualifi\u00e9 d\u2019 \u00abami de Poutine\u00bb.<\/p>\n<blockquote><p>La social-d\u00e9mocratie a \u00e9chou\u00e9 en capitulant devant le n\u00e9olib\u00e9ralisme et en reprenant des th\u00e8mes identitaires sans r\u00e9cit de classe.<\/p><\/blockquote>\n<p>\u00abNous devons syst\u00e9matiquement douter de tout\u00bb, disait d\u00e9j\u00e0 Voltaire. L&rsquo;\u00e9ch\u00e9ance inexorable de l\u2019imprimerie est arriv\u00e9e trop t\u00f4t pour que nous puissions publier des analyses dans ce num\u00e9ro, mais sur notre site web, nous allons douter avec enthousiasme et examiner la guerre sous tous les angles. La premi\u00e8re guerre sur le continent europ\u00e9en depuis la guerre de Yougoslavie soul\u00e8ve une foule de questions. Les dirigeants mondiaux \u00e9voquent \u00e0 l\u2019envi des valeurs et des principes du droit international et humanitaire pour motiver leurs actions, mais en r\u00e9alit\u00e9, ceux-ci ne les emp\u00eachent gu\u00e8re de dormir.<\/p>\n<p>Le capitalisme ne peut survivre sans imp\u00e9rialisme, et l\u2019imp\u00e9rialisme signifie la guerre. La question est de savoir quels int\u00e9r\u00eats, et surtout quels int\u00e9r\u00eats \u00e9conomiques, se cachent derri\u00e8re cette guerre. Qu\u2019est-ce qui motive Poutine pour une entreprise aussi os\u00e9e? Quelle est l\u2019importance des mati\u00e8res premi\u00e8res sur le territoire ukrainien? De quoi les \u00c9tats-Unis se pr\u00e9occupent-ils dans leur implication? Pourquoi l\u2019Europe tire-t-elle r\u00e9solument la carte atlantiste? Pourquoi l\u2019Allemagne octroie-t-elle rapidement des sommes gigantesques \u00e0 la d\u00e9fense? Quel est l\u2019impact de la situation int\u00e9rieure des superpuissances sur la politique \u00e9trang\u00e8re? Comment la Chine se positionne-t-elle? Quelles sont les cons\u00e9quences sur l\u2019approvisionnement et l\u2019inflation de l\u2019\u00e9nergie ainsi que d\u2019autres produits de base? Quelles sont les pistes pour une paix durable? Et quel r\u00f4le peuvent jouer le mouvement pour la paix et le mouvement syndical? Ce sont les questions auxquelles nous souhaitons r\u00e9pondre. Nous vous tiendrons inform\u00e9s via notre bulletin d\u2019information.<\/p>\n<h3>Les racines de l\u2019extr\u00eame droite<\/h3>\n<p>Jusqu\u2019au d\u00e9clenchement de la guerre en Ukraine, les deux candidats d\u2019extr\u00eame droite \u00e0 l\u2019\u00e9lection pr\u00e9sidentielle fran\u00e7aise \u00e9taient consid\u00e9r\u00e9s comme ayant une r\u00e9elle chance. Partout, l\u2019extr\u00eame droite progresse. Les partis d\u2019extr\u00eame droite font partie du gouvernement en Hongrie, en Pologne, en Italie et en Estonie. Les partis traditionnels ont gouvern\u00e9 avec le soutien de l\u2019extr\u00eame droite aux Pays-Bas et au Danemark. Le monde a \u00e9galement appris \u00e0 conna\u00eetre Trump, Bolsonaro et Modi. Et en Flandre, la N-VA a n\u00e9goci\u00e9 pendant des mois avec le Vlaams Belang.<\/p>\n<p>Nous n\u2019avons pas besoin de chercher les nostalgiques des chemises brunes et noires pour reconna\u00eetre les caract\u00e9ristiques de l\u2019id\u00e9ologie fasciste dans l\u2019extr\u00eame droite actuelle. Bien que la forme diff\u00e8re d\u2019un pays \u00e0 l\u2019autre, ces partis brassent leur cocktail id\u00e9ologique avec des ingr\u00e9dients fascistes: nationalisme r\u00e9actionnaire, autoritarisme, \u00e9litisme, racisme, antif\u00e9minisme et m\u00e9pris des droits de l\u2019homme et de la science. La gauche, les syndicats, la soci\u00e9t\u00e9 civile et les minorit\u00e9s sont consid\u00e9r\u00e9s comme une menace pour l\u2019unit\u00e9 de la nation et sont la cible de violences et de discours haineux de la part d\u2019organisations satellites. Par la d\u00e9magogie sociale, l\u2019extr\u00eame droite se pr\u00e9sente comme une alternative aux partis de la gauche authentique.<\/p>\n<p>Comme pour le fascisme des ann\u00e9es 1930, nous devons aujourd\u2019hui en chercher les racines dans l\u2019\u00e9conomie capitaliste. Les grands monopoles ne veulent pas seulement la domination \u00e9conomique, ils cherchent aussi la domination politique \u00e0 cette fin. Cela pourrait basculer vers la mise en place d\u2019une dictature fasciste. L\u2019extr\u00eame droite a \u00e9galement une base \u00e9conomique dans le capitalisme n\u00e9olib\u00e9ral. David Harvey a mis en garde contre ce ph\u00e9nom\u00e8ne dans son ouvrage qui est devenu un classique, \u00abA Brief History of Neoliberalism\u00bb: \u00abLe n\u00e9olib\u00e9ralisme dans sa forme pure a toujours menac\u00e9 de faire surgir sa propre n\u00e9m\u00e9sis dans les vari\u00e9t\u00e9s de populisme et de nationalisme autoritaires.\u00bb<\/p>\n<p>En th\u00e9orie, le n\u00e9olib\u00e9ralisme promet un salaire au m\u00e9rite, des prix plus bas gr\u00e2ce \u00e0 la libre concurrence et un plus gros g\u00e2teau dont chacun finira par obtenir sa part. En outre, le n\u00e9olib\u00e9ralisme fait \u00e9galement l\u2019\u00e9loge de la d\u00e9mocratie parlementaire, de l\u2019\u00c9tat de droit et du r\u00f4le limit\u00e9 de l\u2019\u00c9tat. Quatre d\u00e9cennies apr\u00e8s Thatcher et Reagan, il semble pour le moins que la pratique soit en d\u00e9saccord avec la th\u00e9orie. Le n\u00e9olib\u00e9ralisme a entra\u00een\u00e9 une stagnation et des crises \u00e9conomiques, des bulles sp\u00e9culatives et d\u2019\u00e9normes in\u00e9galit\u00e9s entre les personnes, les r\u00e9gions et les \u00c9tats. Le n\u00e9olib\u00e9ralisme s\u2019est r\u00e9v\u00e9l\u00e9 incomp\u00e9tent face au Covid-19 &#8211; la pand\u00e9mie a frapp\u00e9 le plus durement les \u00c9tats les plus n\u00e9olib\u00e9raux &#8211; et est impuissant \u00e0 enrayer le r\u00e9chauffement climatique.<\/p>\n<blockquote><p>Par la d\u00e9magogie sociale, l\u2019extr\u00eame droite se pr\u00e9sente comme une alternative aux partis de la gauche authentique.<\/p><\/blockquote>\n<p>Afin de cr\u00e9er un \u00abclimat d\u2019investissement attrayant\u00bb, un \u00c9tat restant en retrait, mais de plus en plus autoritaire et aux traits nationalistes s\u2019est d\u00e9velopp\u00e9 en faveur de la sacro-sainte comp\u00e9titivit\u00e9 de la nation sur le march\u00e9 international et contre toutes les forces et toutes les formes de solidarit\u00e9 sociale qui menacent la rentabilit\u00e9. Les pouvoirs ont \u00e9t\u00e9 d\u00e9l\u00e9gu\u00e9s \u00e0 des institutions non d\u00e9mocratiques telles que le FMI, la Commission europ\u00e9enne ou la BCE. Le pouvoir l\u00e9gislatif est devenu de plus en plus faible et, dans les moments de crise, le Parlement est carr\u00e9ment mis hors jeu par des lois de pouvoirs sp\u00e9ciaux, de situation d\u2019urgence ou de pand\u00e9mie.<\/p>\n<p>Avec un bilan aussi lamentable, le n\u00e9olib\u00e9ralisme a g\u00e9n\u00e9r\u00e9 une crise politique en plus des crises \u00e9conomique, sociale et environnementale. La confiance dans les partis politiques traditionnels, les gouvernements et les Parlements n\u2019a jamais \u00e9t\u00e9 aussi faible. Les partis traditionnels sont les fant\u00f4mes des partis de masse d\u2019antan. \u00c0 chaque nouvelle \u00e9lection, la sanction est plus s\u00e9v\u00e8re, et la formation de coalitions et le gouvernement deviennent plus difficiles. Les grands partis stables au \u00abcentre\u00bb sont d\u00e9sormais de l\u2019histoire ancienne. La social-d\u00e9mocratie a \u00e9chou\u00e9 en capitulant devant le n\u00e9olib\u00e9ralisme et en reprenant des th\u00e8mes identitaires sans r\u00e9cit de classe. Les partis classiques tentent d\u00e9sesp\u00e9r\u00e9ment de se r\u00e9inventer avec des alliances ou de nouveaux mouvements. Ou ils courent apr\u00e8s l\u2019extr\u00eame droite. Ou les deux.<\/p>\n<p>C\u2019est ainsi, dans un climat de plus en plus toxique, que l\u2019extr\u00eame droite prosp\u00e8re. La mondialisation et les in\u00e9galit\u00e9s r\u00e9gionales internes se pr\u00eatent bien \u00e0 la propagande visant \u00e0 bl\u00e2mer \u00ables \u00e9trangers\u00bb, \u00ables migrants\u00bb et les minorit\u00e9s; l\u2019individualisation et l\u2019isolement social rendent les gens sensibles au nationalisme; la mentalit\u00e9 bien ancr\u00e9e du \u00abchacun pour soi\u00bb est une proie facile pour les m\u00e9canismes de d\u00e9signation de boucs \u00e9missaires. Et lorsque les partis traditionnels n\u2019offrent plus aucune issue, le grand capital dispose avec l\u2019extr\u00eame droite d\u2019une alternative \u00e0 un r\u00e9cit \u00e9mancipateur de gauche. L\u2019organisation patronale flamande Voka a \u00e9t\u00e9 claire: \u00abNous devons d\u2019abord et avant tout parler avec le Vlaams Belang. C\u2019est avant tout le programme qui est important pour les chefs d\u2019entreprise, les partis qui forment le gouvernement importent peu.\u00bb<\/p>\n<p>Dans une prochaine \u00e9dition, nous aborderons la d\u00e9magogie sociale et les relations entre l\u2019extr\u00eame droite et les grands groupes de capitaux. Dans ce num\u00e9ro, nous consacrons notre dossier \u00e0 l\u2019examen des m\u00e9canismes qui consolident les forces d\u2019extr\u00eame droite, en nous appuyant sur des exemples en Allemagne, en France, en Belgique et en Italie.<\/p>\n<p>Pour la sociologue allemande Ingar Solty, le n\u00e9olib\u00e9ralisme et le fascisme sont comme \u00abdes fr\u00e8res dangereux\u00bb. \u00abLe comportement impitoyable de l\u2019a\u00een\u00e9 engendre la fureur aveugle du plus jeune.\u00bb Solty explore comment, tout comme lors des trois pr\u00e9c\u00e9dentes grandes crises du capitalisme (la Grande D\u00e9pression de 1873 \u00e0 1896, la Grande D\u00e9pression de 1929 \u00e0 1939 et la crise du fordisme de 1967 \u00e0 1979), l\u2019extr\u00eame droite ressurgit dans la crise syst\u00e9mique actuelle.<\/p>\n<p>Le sociologue Daniel Zamora (ULB) se concentre pour sa part sur la France. Il montre comment le PS s\u2019est retrouv\u00e9 sur le terrain de pr\u00e9dilection de la Nouvelle Droite. Suivant les traces du Labour britannique de Tony Blair, le parti a emprunt\u00e9 la troisi\u00e8me voie, abandonnant son \u00e9lectorat ouvrier et s\u2019emparant des th\u00e9matiques identitaires sans les examiner sous le prisme de la lutte des classes et de l\u2019in\u00e9galit\u00e9 sociale. Macron a quant \u00e0 lui pouss\u00e9 le d\u00e9bat plus \u00e0 droite, dans l\u2019espoir de couper l\u2019herbe sous le pied de Marine Le Pen, ouvrant ainsi la voie \u00e0 Zemmour.<\/p>\n<p>Dans le nord de la Belgique, c\u2019est Marc Elchardus qui fournit les ingr\u00e9dients id\u00e9ologiques de la droitisation de la social-d\u00e9mocratie. Dans son pav\u00e9, Reset: over identiteit, gemeenschap en democratie (Reset: sur l\u2019identit\u00e9, la communaut\u00e9 et la d\u00e9mocratie), il soutient que la gauche doit opter pour le nationalisme comme ciment de la soci\u00e9t\u00e9. La lutte des classes n\u2019a jamais fait partie du vocabulaire du sociologue, certes, mais avec sa \u00ab\u00ablutte des cultures\u00bb et son plaidoyer pour une politique identitaire nationaliste dans la droite ligne des anti-Lumi\u00e8res et de la th\u00e9orie du \u00abchoc des civilisations\u00bb, il franchit le Rubicon. Partant d\u2019une critique du n\u00e9olib\u00e9ralisme et de l\u2019impasse politique, Elchardus pr\u00e9tend vouloir renouveler la gauche mais, selon l\u2019historien Olivier Goessens, il normalise plut\u00f4t l\u2019extr\u00eame droite et ouvre la voie \u00e0 une domination id\u00e9ologique du Vlaams Belang.<\/p>\n<p>Avec l\u2019historien et r\u00e9dacteur en chef de Jacobin, David Broder, nous nous arr\u00eatons dans le laboratoire politique qu\u2019est l\u2019Italie, o\u00f9 se joue un sc\u00e9nario sinistre, sc\u00e9nario qui nous attend si la gauche authentique est \u00e9cart\u00e9e. Dans la botte de l\u2019Europe, un parti populiste et un parti d\u2019extr\u00eame droite composent en effet le gouvernement, sous la direction de \u00absuper Mario\u00bb, ancien banquier de la BCE et de Goldman Sachs. Du c\u00f4t\u00e9 de l\u2019opposition, c\u2019est un parti n\u00e9o-fasciste qui r\u00e9habilite le fascisme de Mussolini agr\u00e9ment\u00e9 d\u2019un anticommunisme forcen\u00e9 pr\u00e9sent\u00e9 comme une lutte contre l\u2019extr\u00e9misme. Les int\u00e9r\u00eats du capital continuent d\u2019\u00eatre promus dans cette constellation politique et les alternatives de gauche sont \u00e9touff\u00e9es dans l\u2019\u0153uf.<\/p>\n<h3>Cinq ans de Lava<\/h3>\n<p>Lava souffle ses cinq bougies avec ce vingti\u00e8me num\u00e9ro. Il y a cinq ans, nous lancions Lava Media, qui se donnait les missions suivantes: \u00abdevenir un lieu de rencontre pour une pens\u00e9e de gauche coh\u00e9rente\u00bb, \u00ab\u00eatre un instrument permettant d\u2019aller \u00e0 l\u2019encontre du cadre dominant\u00bb, \u00ab\u00eatre un terreau pour de nouvelles id\u00e9es \u00e0 la gauche de la social-d\u00e9mocratie\u00bb et \u00abstimuler l\u2019imagination pour penser une autre soci\u00e9t\u00e9\u00bb. Nous voulions remettre la dynamique impitoyable du capitalisme au c\u0153ur de la recherche et mener une lutte id\u00e9ologique contre l\u2019h\u00e9g\u00e9monie n\u00e9olib\u00e9rale.<\/p>\n<blockquote><p>\u00abNuisible, cr\u00e9dible, puissant et charmant\u00bb. Telle est la devise sous laquelle nous entamons nos cinq prochaines ann\u00e9es.<\/p><\/blockquote>\n<p>\u00c0 l\u2019issue de la pand\u00e9mie, en temps de guerre et \u00e0 l\u2019heure o\u00f9 l\u2019extr\u00eame droite fait flor\u00e8s, nous sommes encore plus d\u00e9termin\u00e9s dans notre projet. Tous les trois mois, nous avons \u00e9t\u00e9 au rendez-vous, proposant un magazine trimestriel actuel et substantiel compos\u00e9 d\u2019analyses critiques d\u2019ici et d\u2019ailleurs. Dans un avenir proche, nous nous attacherons \u00e0 augmenter la fr\u00e9quence des publications sur le site web et nous commencerons \u00e0 produire du mat\u00e9riel audio-visuel. Nous accueillons \u00e0 bras ouverts tous ceux qui veulent aider. R\u00e9dacteurs, \u00e9diteurs, producteurs radio, cam\u00e9ramans, d\u00e9veloppeurs web, r\u00e9alisateurs, monteurs et autres professionnels du monde entier: nous avons besoin de toute l\u2019aide que nous pouvons obtenir.<\/p>\n<p>\u00abIl nous semble que les points de vue de l\u2019auteur peuvent \u00eatre nuisibles mais il n\u2019y a aucun doute quant \u00e0 la cr\u00e9dibilit\u00e9 de sa logique, quant \u00e0 la force de sa rh\u00e9torique et quant au charme avec lequel il aborde les probl\u00e8mes les plus ennuyeux de l\u2019\u00e9conomie politique.\u00bb C&rsquo;est ce qu\u2019un commentateur \u00e9crivait en 1868 \u00e0 propos du Capital. \u00abNuisible, cr\u00e9dible, puissant et charmant\u00bb. Telle est la devise sous laquelle nous entamons nos cinq prochaines ann\u00e9es. Enfin, un grand merci aux traducteurs, correcteurs, \u00e9diteurs, r\u00e9viseurs, auteurs, metteurs en page, illustrateurs et webmasters. Et \u00e0 vous, chers lecteurs, pour votre fid\u00e9lit\u00e9 et votre soutien. Faites-nous part de ce que vous pensez de Lava. Et continuez \u00e0 nous faire conna\u00eetre aupr\u00e8s de votre famille, de vos amis et de vos camarades. Aidez Lava \u00e0 s\u2019\u00e9couler.<\/p>\n<h2>L\u2019\u00e9rosion de la politique du centre<\/h2>\n<h3>Ingar Solty<\/h3>\n<p>Qui serait assez fou pour croire que l\u2019on peut polariser le march\u00e9 sans polariser la politique ? L\u2019histoire des ann\u00e9es 1920 et 1930 a clairement montr\u00e9 que les in\u00e9galit\u00e9s de richesse et les crises du capitalisme tendent toujours \u00e0 fragiliser la d\u00e9mocratie repr\u00e9sentative, comme l\u2019ont toujours d\u00e9crit les th\u00e9oriciens de la d\u00e9mocratie. Les \u00ab march\u00e9s libres \u00bb du n\u00e9olib\u00e9ralisme ont toujours favoris\u00e9 les \u00ab \u00c9tats forts \u00bb et les pratiques politiques, administratives et constitutionnelles autoritaires.<\/p>\n<h2>La guerre culturelle en France<\/h2>\n<h3>Daniel Zamora<\/h3>\n<p>Ces derni\u00e8res ann\u00e9es, la France est d\u00e9chir\u00e9e par une guerre culturelle \u2014 un changement qui est moins le r\u00e9sultat de l\u2019importation de concepts am\u00e9ricains dans les universit\u00e9s fran\u00e7aises, comme le pr\u00e9tendent de nombreuses personnes de droite en France, que du long d\u00e9clin, depuis le d\u00e9but des ann\u00e9es 1980, de la politique de classe et des alternatives au capitalisme. Le sociologue Daniel Zamora d\u00e9crit le d\u00e9placement de la lutte des classes vers le domaine de l\u2019identit\u00e9.<\/p>\n<h2>Nous n\u2019avons pas besoin d\u2019un \u00abreset\u00bb de droite, mais d\u2019un \u00abreset\u00bb de gauche<\/h2>\n<h3>Olivier Goessens<\/h3>\n<p>Marc Elchardus, sociologue et ancien id\u00e9ologue du Vooruit, veut redessiner compl\u00e8tement les contours du d\u00e9bat politique flamand. \u00ab\u00a0Reset\u00a0\u00bb, son livre, pr\u00f4ne un changement de paradigme, une mani\u00e8re diff\u00e9rente de consid\u00e9rer la soci\u00e9t\u00e9 et la politique. C\u2019est un plaidoyer pour une politique identitaire et nationaliste. Sur le plan politique, le livre sert de justification id\u00e9ologique \u00e0 une \u00e9ventuelle future coalition entre Vooruit (parti social-d\u00e9mocrate flamand) et la N-VA. Historien Olivier Goessens explique pourquoi cela ne peut qu\u2019affaiblir la gauche.<\/p>\n<h2>L\u2019Italie, le mod\u00e8le post-d\u00e9mocratique de The Economist<\/h2>\n<h3>David Broder<\/h3>\n<p>En d\u00e9cembre dernier, le magazine The Economist pr\u00e9sentait l\u2019Italie comme \u00ab pays de l\u2019ann\u00e9e 2021 \u00bb. Pas pour son succ\u00e8s au concours de l\u2019Eurovision, mais bien parce que sa classe politique a fait de Mario Draghi son premier ministre. Presque tous les m\u00e9dias grand public d\u00e9peignent une situation o\u00f9 le seul moyen de restaurer la confiance des march\u00e9s et d\u2019utiliser les fonds de relance europ\u00e9ens passe par la nomination d\u2019un technocrate professionnel, dot\u00e9 des pouvoirs n\u00e9cessaires pour passer outre le jeu habituel de la particratie. Analyse de l\u2019historien David Broder.<\/p>\n<h2>Le meilleur de l\u2019Allemagne?<\/h2>\n<h3>Loren Balhorn<\/h3>\n<p>Apr\u00e8s seize longues ann\u00e9es d\u2019Angela Merkel, le SPD social-d\u00e9mocrate, le FDP lib\u00e9ral et les Verts gouvernent d\u00e9sormais au sein de la premi\u00e8re \u00ab\u00a0coalition feu tricolore\u00a0\u00bb de l\u2019histoire allemande. Il s\u2019agissait d\u2019un projet de continuit\u00e9 n\u00e9olib\u00e9rale, du moins jusqu\u2019\u00e0 ce que la Russie envahisse l\u2019Ukraine. Maintenant, le gouvernement approuve une augmentation du budget militaire de 100 milliards d\u2019euros. Le r\u00e9dacteur politique Loren Balhorn clarifie.<\/p>\n<h2>La douleur chronique, sympt\u00f4me d\u2019alarme d\u2019une soci\u00e9t\u00e9 malade<\/h2>\n<h3>Leen Vermeulen<\/h3>\n<p>Pr\u00e8s de trois millions de Belges sont aux prises avec des douleurs chroniques. Sous couvert d\u2019une politique pour l\u2019emploi, le gouvernement Vivaldi fait la chasse aux malades de longue dur\u00e9e. Mais si nous voulons ma\u00eetriser cette \u00e9pid\u00e9mie, nous avons besoin d\u2019un mod\u00e8le social inclusif qui s\u2019attaque \u00e0 ses causes. La m\u00e9decin g\u00e9n\u00e9raliste Leen Vermeulen \u00e9voque les facteurs sociaux de la maladie et du r\u00e9tablissement.<\/p>\n<h2>L\u2019actualit\u00e9 des massacres anticommunistes en Indon\u00e9sie<\/h2>\n<h3>Wim De Ceukelaire<\/h3>\n<p>L\u2019histoire de pays tels que la Russie et la Chine au 20e si\u00e8cle est r\u00e9guli\u00e8rement associ\u00e9e \u00e0 des violences de masse. Mentionnez le Cambodge et l\u2019on \u00e9voquera forc\u00e9ment Pol Pot et les champs de la mort. Abordez le Vietnam et la conversation tournera bien vite autour de la guerre. Mais le massacre anticommuniste perp\u00e9tr\u00e9 en Indon\u00e9sie dans les ann\u00e9es 1960 a \u00e9chapp\u00e9 \u00e0 la m\u00e9moire collective. Wim De Ceukelaire a lu La m\u00e9thode Jakarta de Vincent Bevins.<\/p>\n<h2>\u00ab\u00a0Servir le peuple\u00a0\u00bb\u00a0: l\u2019\u00e9radication de l\u2019extr\u00eame pauvret\u00e9 en Chine<\/h2>\n<h3>Tings Chak pour Tricontinental<\/h3>\n<p>Le 25 f\u00e9vrier 2021, le gouvernement chinois annon\u00e7ait que l\u2019extr\u00eame pauvret\u00e9 avait \u00e9t\u00e9 \u00e9radiqu\u00e9e en Chine. C\u2019est l\u2019aboutissement de septante ans de construction \u00e9conomique \u00e9tatique et souveraine. L\u2019exp\u00e9rience de la Chine offre des enseignements et une inspiration pour le monde entier, en particulier pour les pays du Sud. L\u2019activiste sino-am\u00e9ricain Tings Chak a dirig\u00e9 une \u00e9tude de cette campagne historique.<\/p>\n<h2>L\u2019AfricaMuseum de Tervuren<\/h2>\n<h3>Jean-Loup Amselle<\/h3>\n<p>L\u2019AfricaMuseum appara\u00eet comme une sorte de compromis entre la n\u00e9cessit\u00e9 de conserver l\u2019architecture mat\u00e9rielle, artistique et intellectuelle de ce mus\u00e9e et les r\u00e9quisits d\u2019une position d\u00e9coloniale affirm\u00e9e qui menace son existence m\u00eame. La r\u00e9novation de l\u2019AfricaMuseum rend les cultures d\u2019Afrique centrale plus vivantes m\u00eame si certaines voix ont jug\u00e9 ces efforts insuffisants.<\/p>\n","protected":false},"excerpt":{"rendered":"<p>Lava souffle ses cinq bougies avec ce vingti\u00e8me num\u00e9ro. \u00c0 l\u2019issue de la pand\u00e9mie, en temps de guerre et \u00e0 l\u2019heure o\u00f9 l\u2019extr\u00eame droite fait flor\u00e8s, nous sommes encore plus d\u00e9termin\u00e9s dans notre projet.<\/p>\n","protected":false},"author":16,"featured_media":24033,"comment_status":"closed","ping_status":"closed","sticky":false,"template":"","format":"standard","meta":{"_acf_changed":false,"footnotes":""},"categories":[752,16,17],"tags":[990],"class_list":["post-38431","post","type-post","status-publish","format-standard","has-post-thumbnail","hentry","category-annonce","category-article-fr","category-articles-fr","tag-ruben-ramboer-fr","issues-numero-20"],"acf":[],"aioseo_notices":[],"aioseo_head":"\n\t\t<!-- All in One SEO 5.0.1.1 - aioseo.com -->\n\t<meta name=\"description\" content=\"Lava souffle ses cinq bougies avec ce vingti\u00e8me num\u00e9ro. \u00c0 l\u2019issue de la pand\u00e9mie, en temps de guerre et \u00e0 l\u2019heure o\u00f9 l\u2019extr\u00eame droite fait flor\u00e8s, nous sommes encore plus d\u00e9termin\u00e9s dans notre projet.\" \/>\n\t<meta name=\"robots\" content=\"max-image-preview:large\" \/>\n\t<meta name=\"author\" content=\"Ruben Ramboer\"\/>\n\t<meta name=\"google-site-verification\" content=\"M91YhmyZU9gzTRUuTNiNii1YDMlCdjob5YRHRK47qsw\" \/>\n\t<meta name=\"keywords\" content=\"ruben ramboer\" \/>\n\t<link rel=\"canonical\" href=\"https:\/\/lavamedia.be\/fr\/editorial-lava-20\/\" \/>\n\t<meta name=\"generator\" content=\"All in One SEO (AIOSEO) 5.0.1.1\" \/>\n\t\t<meta property=\"og:locale\" content=\"fr_FR\" \/>\n\t\t<meta property=\"og:site_name\" content=\"Lava Media\" \/>\n\t\t<meta property=\"og:type\" content=\"article\" \/>\n\t\t<meta property=\"og:title\" content=\"\u00c9ditorial Lava 20 | Lava\" \/>\n\t\t<meta property=\"og:description\" content=\"Lava souffle ses cinq bougies avec ce vingti\u00e8me num\u00e9ro. \u00c0 l\u2019issue de la pand\u00e9mie, en temps de guerre et \u00e0 l\u2019heure o\u00f9 l\u2019extr\u00eame droite fait flor\u00e8s, nous sommes encore plus d\u00e9termin\u00e9s dans notre projet.\" \/>\n\t\t<meta property=\"og:url\" content=\"https:\/\/lavamedia.be\/fr\/editorial-lava-20\/\" \/>\n\t\t<meta property=\"fb:app_id\" content=\"846358645511450\" \/>\n\t\t<meta property=\"og:image\" content=\"https:\/\/lavamedia.be\/wp-content\/uploads\/2019\/12\/Lava1.png\" \/>\n\t\t<meta property=\"og:image:secure_url\" content=\"https:\/\/lavamedia.be\/wp-content\/uploads\/2019\/12\/Lava1.png\" \/>\n\t\t<meta property=\"og:image:width\" content=\"1367\" \/>\n\t\t<meta property=\"og:image:height\" content=\"967\" \/>\n\t\t<meta property=\"article:published_time\" content=\"2022-03-31T05:00:34+00:00\" \/>\n\t\t<meta property=\"article:modified_time\" content=\"2022-04-01T11:27:20+00:00\" \/>\n\t\t<meta name=\"twitter:card\" content=\"summary\" \/>\n\t\t<meta name=\"twitter:title\" content=\"\u00c9ditorial Lava 20 | Lava\" \/>\n\t\t<meta name=\"twitter:description\" content=\"Lava souffle ses cinq bougies avec ce vingti\u00e8me num\u00e9ro. \u00c0 l\u2019issue de la pand\u00e9mie, en temps de guerre et \u00e0 l\u2019heure o\u00f9 l\u2019extr\u00eame droite fait flor\u00e8s, nous sommes encore plus d\u00e9termin\u00e9s dans notre projet.\" \/>\n\t\t<meta name=\"twitter:image\" content=\"https:\/\/lavamedia.be\/wp-content\/uploads\/2019\/12\/Lava1.png\" \/>\n\t\t<script type=\"application\/ld+json\" class=\"aioseo-schema\">\n\t\t\t{\"@context\":\"https:\\\/\\\/schema.org\",\"@graph\":[{\"@type\":\"Article\",\"@id\":\"https:\\\/\\\/lavamedia.be\\\/fr\\\/editorial-lava-20\\\/#article\",\"name\":\"\\u00c9ditorial Lava 20 | Lava\",\"headline\":\"\\u00c9ditorial Lava 20\",\"author\":{\"@id\":\"https:\\\/\\\/lavamedia.be\\\/fr\\\/author\\\/ruben-ramboer\\\/#author\"},\"publisher\":{\"@id\":\"https:\\\/\\\/lavamedia.be\\\/fr\\\/#organization\"},\"image\":{\"@type\":\"ImageObject\",\"url\":\"https:\\\/\\\/lavamedia.be\\\/wp-content\\\/uploads\\\/2019\\\/12\\\/Lava1.png\",\"width\":1367,\"height\":967},\"datePublished\":\"2022-03-31T07:00:34+02:00\",\"dateModified\":\"2022-04-01T13:27:20+02:00\",\"inLanguage\":\"fr-FR\",\"mainEntityOfPage\":{\"@id\":\"https:\\\/\\\/lavamedia.be\\\/fr\\\/editorial-lava-20\\\/#webpage\"},\"isPartOf\":{\"@id\":\"https:\\\/\\\/lavamedia.be\\\/fr\\\/editorial-lava-20\\\/#webpage\"},\"articleSection\":\"Annonce, Article, Articles, Ruben Ramboer, Num\\u00e9ro 20, Facultatif\"},{\"@type\":\"BreadcrumbList\",\"@id\":\"https:\\\/\\\/lavamedia.be\\\/fr\\\/editorial-lava-20\\\/#breadcrumblist\",\"itemListElement\":[{\"@type\":\"ListItem\",\"@id\":\"https:\\\/\\\/lavamedia.be\\\/fr\\\/#listItem\",\"position\":1,\"name\":\"Home\",\"item\":\"https:\\\/\\\/lavamedia.be\\\/fr\\\/\",\"nextItem\":{\"@type\":\"ListItem\",\"@id\":\"https:\\\/\\\/lavamedia.be\\\/fr\\\/category\\\/articles-fr\\\/#listItem\",\"name\":\"Articles\"}},{\"@type\":\"ListItem\",\"@id\":\"https:\\\/\\\/lavamedia.be\\\/fr\\\/category\\\/articles-fr\\\/#listItem\",\"position\":2,\"name\":\"Articles\",\"item\":\"https:\\\/\\\/lavamedia.be\\\/fr\\\/category\\\/articles-fr\\\/\",\"nextItem\":{\"@type\":\"ListItem\",\"@id\":\"https:\\\/\\\/lavamedia.be\\\/fr\\\/category\\\/articles-fr\\\/article-fr\\\/#listItem\",\"name\":\"Article\"},\"previousItem\":{\"@type\":\"ListItem\",\"@id\":\"https:\\\/\\\/lavamedia.be\\\/fr\\\/#listItem\",\"name\":\"Home\"}},{\"@type\":\"ListItem\",\"@id\":\"https:\\\/\\\/lavamedia.be\\\/fr\\\/category\\\/articles-fr\\\/article-fr\\\/#listItem\",\"position\":3,\"name\":\"Article\",\"item\":\"https:\\\/\\\/lavamedia.be\\\/fr\\\/category\\\/articles-fr\\\/article-fr\\\/\",\"nextItem\":{\"@type\":\"ListItem\",\"@id\":\"https:\\\/\\\/lavamedia.be\\\/fr\\\/editorial-lava-20\\\/#listItem\",\"name\":\"\\u00c9ditorial Lava 20\"},\"previousItem\":{\"@type\":\"ListItem\",\"@id\":\"https:\\\/\\\/lavamedia.be\\\/fr\\\/category\\\/articles-fr\\\/#listItem\",\"name\":\"Articles\"}},{\"@type\":\"ListItem\",\"@id\":\"https:\\\/\\\/lavamedia.be\\\/fr\\\/editorial-lava-20\\\/#listItem\",\"position\":4,\"name\":\"\\u00c9ditorial Lava 20\",\"previousItem\":{\"@type\":\"ListItem\",\"@id\":\"https:\\\/\\\/lavamedia.be\\\/fr\\\/category\\\/articles-fr\\\/article-fr\\\/#listItem\",\"name\":\"Article\"}}]},{\"@type\":\"Organization\",\"@id\":\"https:\\\/\\\/lavamedia.be\\\/fr\\\/#organization\",\"name\":\"Lava\",\"description\":\"Tijdschrift voor sociale kritiek en marxistische analyses.\",\"url\":\"https:\\\/\\\/lavamedia.be\\\/fr\\\/\"},{\"@type\":\"Person\",\"@id\":\"https:\\\/\\\/lavamedia.be\\\/fr\\\/author\\\/ruben-ramboer\\\/#author\",\"url\":\"https:\\\/\\\/lavamedia.be\\\/fr\\\/author\\\/ruben-ramboer\\\/\",\"name\":\"Ruben Ramboer\",\"image\":{\"@type\":\"ImageObject\",\"@id\":\"https:\\\/\\\/lavamedia.be\\\/fr\\\/editorial-lava-20\\\/#authorImage\",\"url\":\"https:\\\/\\\/lavamedia.be\\\/wp-content\\\/uploads\\\/2017\\\/04\\\/Ramboer-_-Ruben-QLthbruCbw1web1-100x100.png\",\"width\":96,\"height\":96,\"caption\":\"Ruben Ramboer\"}},{\"@type\":\"WebPage\",\"@id\":\"https:\\\/\\\/lavamedia.be\\\/fr\\\/editorial-lava-20\\\/#webpage\",\"url\":\"https:\\\/\\\/lavamedia.be\\\/fr\\\/editorial-lava-20\\\/\",\"name\":\"\\u00c9ditorial Lava 20 | Lava\",\"description\":\"Lava souffle ses cinq bougies avec ce vingti\\u00e8me num\\u00e9ro. \\u00c0 l\\u2019issue de la pand\\u00e9mie, en temps de guerre et \\u00e0 l\\u2019heure o\\u00f9 l\\u2019extr\\u00eame droite fait flor\\u00e8s, nous sommes encore plus d\\u00e9termin\\u00e9s dans notre projet.\",\"inLanguage\":\"fr-FR\",\"isPartOf\":{\"@id\":\"https:\\\/\\\/lavamedia.be\\\/fr\\\/#website\"},\"breadcrumb\":{\"@id\":\"https:\\\/\\\/lavamedia.be\\\/fr\\\/editorial-lava-20\\\/#breadcrumblist\"},\"author\":{\"@id\":\"https:\\\/\\\/lavamedia.be\\\/fr\\\/author\\\/ruben-ramboer\\\/#author\"},\"creator\":{\"@id\":\"https:\\\/\\\/lavamedia.be\\\/fr\\\/author\\\/ruben-ramboer\\\/#author\"},\"image\":{\"@type\":\"ImageObject\",\"url\":\"https:\\\/\\\/lavamedia.be\\\/wp-content\\\/uploads\\\/2019\\\/12\\\/Lava1.png\",\"@id\":\"https:\\\/\\\/lavamedia.be\\\/fr\\\/editorial-lava-20\\\/#mainImage\",\"width\":1367,\"height\":967},\"primaryImageOfPage\":{\"@id\":\"https:\\\/\\\/lavamedia.be\\\/fr\\\/editorial-lava-20\\\/#mainImage\"},\"datePublished\":\"2022-03-31T07:00:34+02:00\",\"dateModified\":\"2022-04-01T13:27:20+02:00\"},{\"@type\":\"WebSite\",\"@id\":\"https:\\\/\\\/lavamedia.be\\\/fr\\\/#website\",\"url\":\"https:\\\/\\\/lavamedia.be\\\/fr\\\/\",\"name\":\"LAVA\",\"description\":\"Tijdschrift voor sociale kritiek en marxistische analyses.\",\"inLanguage\":\"fr-FR\",\"publisher\":{\"@id\":\"https:\\\/\\\/lavamedia.be\\\/fr\\\/#organization\"}}]}\n\t\t<\/script>\n\t\t<!-- All in One SEO -->\n\n","aioseo_head_json":{"title":"\u00c9ditorial Lava 20 | Lava","description":"Lava souffle ses cinq bougies avec ce vingti\u00e8me num\u00e9ro. \u00c0 l\u2019issue de la pand\u00e9mie, en temps de guerre et \u00e0 l\u2019heure o\u00f9 l\u2019extr\u00eame droite fait flor\u00e8s, nous sommes encore plus d\u00e9termin\u00e9s dans notre projet.","canonical_url":"https:\/\/lavamedia.be\/fr\/editorial-lava-20\/","robots":"max-image-preview:large","keywords":"ruben ramboer","webmasterTools":{"google-site-verification":"M91YhmyZU9gzTRUuTNiNii1YDMlCdjob5YRHRK47qsw","miscellaneous":""},"schema":{"@context":"https:\/\/schema.org","@graph":[{"@type":"Article","@id":"https:\/\/lavamedia.be\/fr\/editorial-lava-20\/#article","name":"\u00c9ditorial Lava 20 | Lava","headline":"\u00c9ditorial Lava 20","author":{"@id":"https:\/\/lavamedia.be\/fr\/author\/ruben-ramboer\/#author"},"publisher":{"@id":"https:\/\/lavamedia.be\/fr\/#organization"},"image":{"@type":"ImageObject","url":"https:\/\/lavamedia.be\/wp-content\/uploads\/2019\/12\/Lava1.png","width":1367,"height":967},"datePublished":"2022-03-31T07:00:34+02:00","dateModified":"2022-04-01T13:27:20+02:00","inLanguage":"fr-FR","mainEntityOfPage":{"@id":"https:\/\/lavamedia.be\/fr\/editorial-lava-20\/#webpage"},"isPartOf":{"@id":"https:\/\/lavamedia.be\/fr\/editorial-lava-20\/#webpage"},"articleSection":"Annonce, Article, Articles, Ruben Ramboer, Num\u00e9ro 20, Facultatif"},{"@type":"BreadcrumbList","@id":"https:\/\/lavamedia.be\/fr\/editorial-lava-20\/#breadcrumblist","itemListElement":[{"@type":"ListItem","@id":"https:\/\/lavamedia.be\/fr\/#listItem","position":1,"name":"Home","item":"https:\/\/lavamedia.be\/fr\/","nextItem":{"@type":"ListItem","@id":"https:\/\/lavamedia.be\/fr\/category\/articles-fr\/#listItem","name":"Articles"}},{"@type":"ListItem","@id":"https:\/\/lavamedia.be\/fr\/category\/articles-fr\/#listItem","position":2,"name":"Articles","item":"https:\/\/lavamedia.be\/fr\/category\/articles-fr\/","nextItem":{"@type":"ListItem","@id":"https:\/\/lavamedia.be\/fr\/category\/articles-fr\/article-fr\/#listItem","name":"Article"},"previousItem":{"@type":"ListItem","@id":"https:\/\/lavamedia.be\/fr\/#listItem","name":"Home"}},{"@type":"ListItem","@id":"https:\/\/lavamedia.be\/fr\/category\/articles-fr\/article-fr\/#listItem","position":3,"name":"Article","item":"https:\/\/lavamedia.be\/fr\/category\/articles-fr\/article-fr\/","nextItem":{"@type":"ListItem","@id":"https:\/\/lavamedia.be\/fr\/editorial-lava-20\/#listItem","name":"\u00c9ditorial Lava 20"},"previousItem":{"@type":"ListItem","@id":"https:\/\/lavamedia.be\/fr\/category\/articles-fr\/#listItem","name":"Articles"}},{"@type":"ListItem","@id":"https:\/\/lavamedia.be\/fr\/editorial-lava-20\/#listItem","position":4,"name":"\u00c9ditorial Lava 20","previousItem":{"@type":"ListItem","@id":"https:\/\/lavamedia.be\/fr\/category\/articles-fr\/article-fr\/#listItem","name":"Article"}}]},{"@type":"Organization","@id":"https:\/\/lavamedia.be\/fr\/#organization","name":"Lava","description":"Tijdschrift voor sociale kritiek en marxistische analyses.","url":"https:\/\/lavamedia.be\/fr\/"},{"@type":"Person","@id":"https:\/\/lavamedia.be\/fr\/author\/ruben-ramboer\/#author","url":"https:\/\/lavamedia.be\/fr\/author\/ruben-ramboer\/","name":"Ruben Ramboer","image":{"@type":"ImageObject","@id":"https:\/\/lavamedia.be\/fr\/editorial-lava-20\/#authorImage","url":"https:\/\/lavamedia.be\/wp-content\/uploads\/2017\/04\/Ramboer-_-Ruben-QLthbruCbw1web1-100x100.png","width":96,"height":96,"caption":"Ruben Ramboer"}},{"@type":"WebPage","@id":"https:\/\/lavamedia.be\/fr\/editorial-lava-20\/#webpage","url":"https:\/\/lavamedia.be\/fr\/editorial-lava-20\/","name":"\u00c9ditorial Lava 20 | Lava","description":"Lava souffle ses cinq bougies avec ce vingti\u00e8me num\u00e9ro. \u00c0 l\u2019issue de la pand\u00e9mie, en temps de guerre et \u00e0 l\u2019heure o\u00f9 l\u2019extr\u00eame droite fait flor\u00e8s, nous sommes encore plus d\u00e9termin\u00e9s dans notre projet.","inLanguage":"fr-FR","isPartOf":{"@id":"https:\/\/lavamedia.be\/fr\/#website"},"breadcrumb":{"@id":"https:\/\/lavamedia.be\/fr\/editorial-lava-20\/#breadcrumblist"},"author":{"@id":"https:\/\/lavamedia.be\/fr\/author\/ruben-ramboer\/#author"},"creator":{"@id":"https:\/\/lavamedia.be\/fr\/author\/ruben-ramboer\/#author"},"image":{"@type":"ImageObject","url":"https:\/\/lavamedia.be\/wp-content\/uploads\/2019\/12\/Lava1.png","@id":"https:\/\/lavamedia.be\/fr\/editorial-lava-20\/#mainImage","width":1367,"height":967},"primaryImageOfPage":{"@id":"https:\/\/lavamedia.be\/fr\/editorial-lava-20\/#mainImage"},"datePublished":"2022-03-31T07:00:34+02:00","dateModified":"2022-04-01T13:27:20+02:00"},{"@type":"WebSite","@id":"https:\/\/lavamedia.be\/fr\/#website","url":"https:\/\/lavamedia.be\/fr\/","name":"LAVA","description":"Tijdschrift voor sociale kritiek en marxistische analyses.","inLanguage":"fr-FR","publisher":{"@id":"https:\/\/lavamedia.be\/fr\/#organization"}}]},"og:locale":"fr_FR","og:site_name":"Lava Media","og:type":"article","og:title":"\u00c9ditorial Lava 20 | Lava","og:description":"Lava souffle ses cinq bougies avec ce vingti\u00e8me num\u00e9ro. \u00c0 l\u2019issue de la pand\u00e9mie, en temps de guerre et \u00e0 l\u2019heure o\u00f9 l\u2019extr\u00eame droite fait flor\u00e8s, nous sommes encore plus d\u00e9termin\u00e9s dans notre projet.","og:url":"https:\/\/lavamedia.be\/fr\/editorial-lava-20\/","fb:app_id":"846358645511450","og:image":"https:\/\/lavamedia.be\/wp-content\/uploads\/2019\/12\/Lava1.png","og:image:secure_url":"https:\/\/lavamedia.be\/wp-content\/uploads\/2019\/12\/Lava1.png","og:image:width":1367,"og:image:height":967,"article:published_time":"2022-03-31T05:00:34+00:00","article:modified_time":"2022-04-01T11:27:20+00:00","twitter:card":"summary","twitter:title":"\u00c9ditorial Lava 20 | Lava","twitter:description":"Lava souffle ses cinq bougies avec ce vingti\u00e8me num\u00e9ro. \u00c0 l\u2019issue de la pand\u00e9mie, en temps de guerre et \u00e0 l\u2019heure o\u00f9 l\u2019extr\u00eame droite fait flor\u00e8s, nous sommes encore plus d\u00e9termin\u00e9s dans notre projet.","twitter:image":"https:\/\/lavamedia.be\/wp-content\/uploads\/2019\/12\/Lava1.png"},"aioseo_meta_data":{"post_id":"38431","title":null,"description":null,"keywords":[],"keyphrases":{"focus":{"keyphrase":"","score":0,"analysis":{"keyphraseInTitle":{"score":0,"maxScore":9,"error":1}}},"additional":[]},"primary_term":null,"canonical_url":null,"og_title":null,"og_description":null,"og_object_type":"default","og_image_type":"default","og_image_url":null,"og_image_width":null,"og_image_height":null,"og_image_custom_url":null,"og_image_custom_fields":null,"og_video":"","og_custom_url":null,"og_article_section":null,"og_article_tags":[],"twitter_use_og":false,"twitter_card":"default","twitter_image_type":"default","twitter_image_url":null,"twitter_image_custom_url":null,"twitter_image_custom_fields":null,"twitter_title":null,"twitter_description":null,"schema":{"blockGraphs":[],"customGraphs":[],"default":{"data":{"Article":[],"Course":[],"Dataset":[],"FAQPage":[],"Movie":[],"Person":[],"Product":[],"ProductReview":[],"Car":[],"Recipe":[],"Service":[],"SoftwareApplication":[],"WebPage":[]},"graphName":"","isEnabled":true},"graphs":[],"defaultGraph":"Article","defaultPostTypeGraph":""},"schema_type":"default","schema_type_options":"{\"article\":{\"articleType\":\"BlogPosting\"},\"course\":{\"name\":\"\",\"description\":\"\",\"provider\":\"\"},\"faq\":{\"pages\":[]},\"product\":{\"reviews\":[]},\"recipe\":{\"ingredients\":[],\"instructions\":[],\"keywords\":[]},\"software\":{\"reviews\":[],\"operatingSystems\":[]},\"webPage\":{\"webPageType\":\"WebPage\"}}","pillar_content":false,"robots_default":true,"robots_noindex":false,"robots_noarchive":false,"robots_nosnippet":false,"robots_nofollow":false,"robots_noimageindex":false,"robots_noodp":false,"robots_notranslate":false,"robots_max_snippet":"-1","robots_max_videopreview":"-1","robots_max_imagepreview":"large","priority":null,"frequency":"default","local_seo":null,"breadcrumb_settings":null,"limit_modified_date":false,"ai":null,"created":"2022-04-01 11:11:34","updated":"2022-09-14 03:19:27","seo_analyzer_scan_date":null,"focus_keyword":null,"additional_keywords":null,"truseo_locale":null},"_links":{"self":[{"href":"https:\/\/lavamedia.be\/fr\/wp-json\/wp\/v2\/posts\/38431","targetHints":{"allow":["GET"]}}],"collection":[{"href":"https:\/\/lavamedia.be\/fr\/wp-json\/wp\/v2\/posts"}],"about":[{"href":"https:\/\/lavamedia.be\/fr\/wp-json\/wp\/v2\/types\/post"}],"author":[{"embeddable":true,"href":"https:\/\/lavamedia.be\/fr\/wp-json\/wp\/v2\/users\/16"}],"replies":[{"embeddable":true,"href":"https:\/\/lavamedia.be\/fr\/wp-json\/wp\/v2\/comments?post=38431"}],"version-history":[{"count":3,"href":"https:\/\/lavamedia.be\/fr\/wp-json\/wp\/v2\/posts\/38431\/revisions"}],"predecessor-version":[{"id":38434,"href":"https:\/\/lavamedia.be\/fr\/wp-json\/wp\/v2\/posts\/38431\/revisions\/38434"}],"wp:featuredmedia":[{"embeddable":true,"href":"https:\/\/lavamedia.be\/fr\/wp-json\/wp\/v2\/media\/24033"}],"wp:attachment":[{"href":"https:\/\/lavamedia.be\/fr\/wp-json\/wp\/v2\/media?parent=38431"}],"wp:term":[{"taxonomy":"category","embeddable":true,"href":"https:\/\/lavamedia.be\/fr\/wp-json\/wp\/v2\/categories?post=38431"},{"taxonomy":"post_tag","embeddable":true,"href":"https:\/\/lavamedia.be\/fr\/wp-json\/wp\/v2\/tags?post=38431"}],"curies":[{"name":"wp","href":"https:\/\/api.w.org\/{rel}","templated":true}]}}