{"id":30551,"date":"2020-06-23T08:00:41","date_gmt":"2020-06-23T06:00:41","guid":{"rendered":"https:\/\/lavamedia.be\/?p=30551"},"modified":"2020-10-20T12:24:07","modified_gmt":"2020-10-20T10:24:07","slug":"editorial-lava-13","status":"publish","type":"post","link":"https:\/\/lavamedia.be\/fr\/editorial-lava-13\/","title":{"rendered":"\u00c9ditorial Lava 13"},"content":{"rendered":"<p>La pand\u00e9mie n\u2019est ni un coup fatal ni un \u00e9v\u00e9nement politiquement neutre. Mais si nous nous battons pour cela, elle pourrait devenir un portail vers un monde meilleur.<\/p>\n<img decoding=\"async\" class=\"alignnone size-full wp-image-24033\" src=\"https:\/\/lavamedia.be\/wp-content\/uploads\/2019\/12\/Lava1.png\" alt=\"\" width=\"1367\" height=\"967\" \/>\n<p>Le 27 d\u00e9cembre 2020, deux patients pr\u00e9sentant des sympt\u00f4mes suspects sont examin\u00e9s dans un h\u00f4pital de Wuhan. Depuis lors, la Covid-19 a fait des ravages dans le monde entier. La pand\u00e9mie s\u2019est \u00e9galement accompagn\u00e9e d\u2019une grave crise \u00e9conomique et sociale. Sans mesures massives, le ch\u00f4mage pourrait atteindre\u00a0un niveau comparable \u00e0 celui de la Grande D\u00e9pression des ann\u00e9es 1930.<\/p>\n<p>\u00c0 c\u00f4t\u00e9 des victimes humaines, ce sont \u00e9galement des id\u00e9es vieillisantes qui se meurent. Le capitalisme s\u2019av\u00e9rait d\u00e9j\u00e0 insoutenable financi\u00e8rement, socialement et \u00e9cologiquement. Aujourd\u2019hui, il s\u2019av\u00e8re \u00e9galement incapable de prot\u00e9ger la population contre le virus. L\u2019id\u00e9e que le \u00ab\u2009libre march\u00e9\u2009\u00bb peut tout r\u00e9gler est en train de voler en \u00e9clats. Nous avons red\u00e9couvert quels sont les secteurs essentiels qui font fonctionner la soci\u00e9t\u00e9 ainsi que la solidarit\u00e9, contre l\u2019individualisme et la cupidit\u00e9. Nous avons \u00e9galement repris conscience de l\u2019importance de la s\u00e9curit\u00e9 sociale et des services publics ainsi que des syndicats pour d\u00e9fendre les conditions de travail.<\/p>\n<p>Apr\u00e8s le krach de 2008, Sarkozy avait proclam\u00e9 \u00ab\u2009la fin du capitalisme financier\u2009\u00bb. Nous savons ce qu\u2019il en a \u00e9t\u00e9. Aujourd\u2019hui, les \u00c9tats prennent des mesures qui \u00e9taient jusqu\u2019il y a peu impensables, mais qui visent \u00e9galement \u00e0 pr\u00e9server le mod\u00e8le \u00e9conomique actuel et \u00e0 prot\u00e9ger les int\u00e9r\u00eats des multinationales et de leurs principaux actionnaires. Les \u00e9lites politiques et \u00e9conomiques mettront tout en \u0153uvre pour revenir au business as usual. <strong>Naomi Klein<\/strong> avait d\u00e9j\u00e0 mis en garde contre la \u00ab\u2009strat\u00e9gie du choc\u2009\u00bb : les d\u00e9tenteurs du pouvoir profitent d\u2019une situation de crise pour faire adopter des mesures qui, en temps normal, provoqueraient la col\u00e8re. La devise de l\u2019\u00e9lite dans une crise comme la notre, pourrait se r\u00e9sumer \u00e0 la fameuse r\u00e9plique du descendant d\u2019une famille noble au prince dans <em>Le Gu\u00e9pard<\/em> : \u00ab\u2009Il faut que tout change pour que rien ne change.\u00bb Et pour sauvegarder les int\u00e9r\u00eats de sa classe, il part combattre avec \u00ab\u2009la pl\u00e8be\u2009\u00bb dans les troupes de Garibaldi.<\/p>\n<p>Mais, comme l\u2019a \u00e9crit un activiste sur le mur d\u2019un b\u00e2timent \u00e0 Santiago : \u00ab Nous ne pouvons pas revenir \u00e0 l\u2019ancienne normalit\u00e9, parce que l\u2019ancienne normalit\u00e9 est justement le probl\u00e8me.\u00bb Le \u00ab\u2009business as usual\u2009\u00bb ne peut pas \u00eatre un plan d\u2019avenir apr\u00e8s un \u00e9chec aussi spectaculaire du capitalisme. \u00ab\u2009Ne jamais gaspiller une bonne crise\u2009\u00bb devrait \u00e9galement \u00eatre une devise pour une gauche authentique. Une crise est souvent le signe avant-coureur de bouleversements sociaux, dans le bon comme dans le mauvais sens. Plus tard, pourrons-nous regarder en arri\u00e8re et voir 2020 comme une ann\u00e9e de rupture claire entre deux \u00e8res ?<\/p>\n<p>Le d\u00e9bat bat son plein parmi les penseurs de gauche. Le philosophe slov\u00e8ne <strong>Slavoj \u017di\u017eek<\/strong> illustre sa vision des choses par l\u2019image d\u2019une superproduction am\u00e9ricaine. Dans<em> Kill Bill 2<\/em>, la protagoniste principale tue son ennemi par une technique mythique des arts martiaux : la \u00ab\u2009technique des cinq points et de la paume qui font exploser le c\u0153ur\u2009\u00bb, o\u00f9 le c\u0153ur de l\u2019adversaire explose apr\u00e8s cinq pas. Pour \u017di\u017eek, l\u2019\u00e9pid\u00e9mie de la Covid-19 est un tel \u00ab\u2009coup port\u00e9 au capitalisme mondial\u2009\u00bb et \u00ab\u2009un signal qu\u2019un changement radical est n\u00e9cessaire\u2009\u00bb. La voie \u00e0 suivre pour en sortir est une \u00ab\u2009forme de communisme\u2009\u00bb. Pour le philosophe fran\u00e7ais Alain Badiou, en revanche, une guerre ou une pand\u00e9mie est extr\u00eamement \u00ab\u2009neutre\u2009\u00bb au plan politique. Que le capitalisme contemporain soit s\u00e9rieusement remis en question est un<br \/>\n\u00ab\u2009r\u00eave incoh\u00e9rent et dangereux\u2009\u00bb. Une \u00e9pid\u00e9mie n\u2019ouvre pas \u00ab\u2009en soi\u2009\u00bb la porte \u00e0 une politique innovante. Cette discussion est d\u2019une importance vitale, car ce que nous entreprenons aujourd\u2019hui sera d\u00e9terminant pour l\u2019avenir. Comment allons-nous faire pour mettre en place une \u00e9conomie qui donne la priorit\u00e9 \u00e0 l\u2019\u00eatre humain et \u00e0 l\u2019environnement ? Comment mettre en \u0153uvre une \u00ab\u2009doctrine du choc\u2009\u00bb de gauche ? Toutes ces questions m\u00e9ritaient bien que nous consacrions un num\u00e9ro entier aux d\u00e9fis pos\u00e9s par la pand\u00e9mie de la Covid-19. Ce num\u00e9ro sp\u00e9cial comporte trois parties.<\/p>\n<h2>Un nouveau monde<\/h2>\n<p>Dans la premi\u00e8re partie, nous nous penchons sur l\u2019impact syst\u00e9mique du virus. Selon le sociologue argentin <strong>Atilio Bor\u00f3n<\/strong>, la pand\u00e9mie prouve la n\u00e9cessit\u00e9 d\u2019un changement de syst\u00e8me, mais le capitalisme ne tombera pas si les forces sociales et politiques ne sont pas l\u00e0 pour le faire tomber. La pand\u00e9mie n\u2019est pas une catastrophe naturelle, explique le g\u00e9ographe britannique <strong>David Harvey<\/strong>. L\u2019impact \u00e9conomique et d\u00e9mographique d\u00e9pend de la vuln\u00e9rabilit\u00e9 du mod\u00e8le \u00e9conomique dominant, qui \u00e9tait d\u00e9j\u00e0 dans une situation p\u00e9rilleuse avant le d\u00e9clenchement de la pand\u00e9mie. La seule politique qui fonctionnera est le socialisme, mais l\u2019oligarchie pr\u00e9f\u00e8re sans aucun doute le national-socialisme au socialisme populaire. C\u2019est la t\u00e2che des anticapitalistes d\u2019emp\u00eacher cela. <strong>Sam Gindin<\/strong>, ancien syndicaliste et co-auteur de The Socialist Challenge Today, voit des opportunit\u00e9s pour de nombreux nouveaux d\u00e9veloppements politiques. La population, m\u00e9contente de voir se r\u00e9p\u00e9ter l\u2019histoire de 2008, pourrait bien \u00eatre moins passive qu\u2019il y a une dizaine d\u2019ann\u00e9es. Il souligne \u00e9galement un changement culturel : la nature de la crise a remis \u00e0 l\u2019ordre du jour la redistribution et la solidarit\u00e9. Ce ne sont pas les d\u00e9clarations pompeuses sur l\u2019effondrement du capitalisme qui nous aideront \u00e0 avancer, mais bien l\u2019organisation de la classe ouvri\u00e8re. L\u2019\u00e9conomiste et syndicaliste <strong>Nic G\u00f6rtz<\/strong> se penche sur cette voie. Avec un clin d\u2019\u0153il aux Adieux au prol\u00e9tariat (1980, \u00c9ditions Galil\u00e9e) d\u2019Andr\u00e9 Gorz, il annonce la r\u00e9surrection de ce prol\u00e9tariat. Le confinement a montr\u00e9 clairement qui cr\u00e9e la prosp\u00e9rit\u00e9. Les gr\u00e8ves et le travail syndical ont \u00e9galement sauv\u00e9 des vies. La crise r\u00e9v\u00e8le ainsi une fois de plus la place centrale de la classe ouvri\u00e8re dans la production et donc son r\u00f4le comme moteur du changement.<\/p>\n<h2>Une \u00e9conomie verte et humaine<\/h2>\n<p>Dans la deuxi\u00e8me partie, nous nous concentrons sur la grave crise \u00e9conomique et sociale qui s\u2019annonce.\u00a0 Tout d\u2019abord, nous jetons un regard r\u00e9trospectif avec la politologue <strong>Radhika Desai<\/strong>. Selon elle, le\u00a0 coronavirus a expos\u00e9 les faiblesses de quarante ans de n\u00e9olib\u00e9ralisme. Elle souligne \u00e9galement l\u2019appauvrissement de l\u2019\u00e9conomie productive et le d\u00e9raillement de la politique mon\u00e9taire de la FED et de la BCE, dont seule une \u00e9lite a b\u00e9n\u00e9fici\u00e9. Les \u00e9normes in\u00e9galit\u00e9s favorisent la propagation de la pand\u00e9mie, qui \u00e0 son tour aggrave la crise. \u00ab\u2009Si les capitalistes sont incapables d\u2019investir et de cr\u00e9er des emplois, quelle est alors leur utilit\u00e9 ?\u2009\u00bb, interroge-t-elle. Les chercheurs <strong>Etienne Schneider et Felix Syrovatka<\/strong> s\u2019attendent \u00e0 une nouvelle crise de l\u2019euro. La pr\u00e9c\u00e9dente crise de l\u2019euro n\u2019a pas \u00e9t\u00e9 surmont\u00e9e, les contradictions mon\u00e9taires de l\u2019Union \u00e9conomique et mon\u00e9taire (UEM) persistent et l\u2019Italie, la troisi\u00e8me \u00e9conomie europ\u00e9enne, devient maintenant l\u2019\u00e9picentre de la crise. Ils explorent trois sc\u00e9narios : une scission de la zone euro, une stabilisation n\u00e9olib\u00e9rale pragmatique et une politique post-n\u00e9olib\u00e9rale.<strong> Jo Cottenier<\/strong> examine comment les \u00e9lites financi\u00e8res et les groupes de r\u00e9flexion capitalistes envisagent les interventions de l\u2019\u00c9tat et une relance (verte). Les \u00c9tats interviennent toujours dans le capitalisme l\u00e0 o\u00f9 le march\u00e9 \u00e9choue. Ces interventions ne sont pas motiv\u00e9es par des raisons \u00e9cologiques ou sociales. Le Green Deal de la Commission europ\u00e9enne semble avoir \u00e9t\u00e9 principalement motiv\u00e9 par des pr\u00e9occupations concernant la comp\u00e9titivit\u00e9 des multinationales europ\u00e9ennes. Enfin, le journaliste britannique et chercheur du Tax Justice Network (r\u00e9seau pour la justice fiscale) <strong>Nicholas Shaxson<\/strong> donne des explications chiffr\u00e9es sur la question : o\u00f9 chercher l\u2019argent pour payer la crise du coronavirus et la transition climatique ?<\/p>\n<h2>Pour un \u00c9tat social<\/h2>\n<p>Dans la troisi\u00e8me partie, nous abordons concr\u00e8tement la crise sanitaire. Ici aussi, nous plongeons d\u2019abord dans le pass\u00e9. La journaliste scientifique et romanci\u00e8re<strong> Laura Spinney<\/strong> raconte comment la grippe espagnole a r\u00e9volutionn\u00e9 les soins de sant\u00e9\u00a0 publics. Apr\u00e8s l\u2019\u00e9pid\u00e9mie de grippe, l\u2019individu ne<br \/>\npouvait plus \u00eatre tenu pour responsable d\u2019une maladie contagieuse. Les graines avaient \u00e9t\u00e9 sem\u00e9es pour un service de sant\u00e9 public, centralis\u00e9 et accessible. L\u2019historien<strong> Niklas Olsen<\/strong> et le sociologue <strong>Daniel Zamora<\/strong> transposent cette le\u00e7on \u00e0 aujourd\u2019hui. La p\u00e9nurie de mat\u00e9riel m\u00e9dical montre \u00e0 quel point les solutions de march\u00e9 sont inefficaces dans les situations de crise. Les nouvelles formes de management public, les restructurations et les \u00e9conomies, le d\u00e9veloppement des cliniques et assurances priv\u00e9es ont consid\u00e9rablement affaibli les syst\u00e8mes de sant\u00e9 europ\u00e9ens. Toutefois, contrairement aux \u00c9tats-Unis o\u00f9 la commercialisation est la plus avanc\u00e9e, la nature largement publique des soins en Europe occidentale nous a probablement \u00e9pargn\u00e9 le pire. Nous devons d\u00e9sormais \u00e9tendre les principes qui ont conduit \u00e0 la construction de nos syst\u00e8mes de soins de sant\u00e9 collectifs \u00e0 d\u2019autres domaines, comme la s\u00e9curit\u00e9 alimentaire ou la lutte contre le changement climatique. <strong>Don Fitz<\/strong>, r\u00e9dacteur en chef de Green Social Thought et ancien candidat du Green Party aux \u00c9tats-Unis, nous explique comment Cuba lutte avec succ\u00e8s contre le sida, la dengue, Ebola et aujourd\u2019hui la Covid19, dans l\u2019\u00eele elle-m\u00eame et dans le monde entier, gr\u00e2ce \u00e0 des soins de sant\u00e9 r\u00e9ventifs et centr\u00e9s sur les quartiers, gr\u00e2ce \u00e0 la formation et \u00e0 la recherche, et gr\u00e2ce \u00e0 la nationalisation des entreprises pharmaceutiques. En quelque sorte, Cuba a commenc\u00e9 \u00e0 se pr\u00e9parer \u00e0 la Covid-19 d\u00e8s le 1er janvier 1959. En Occident, la Chine est de plus en plus point\u00e9e du doigt. <strong>Ng Sauw Tjhoi<\/strong>, sp\u00e9cialiste de la Chine et ancien journaliste de la VRT, revient sur l\u2019histoire de l\u2019\u00e9pid\u00e9mie et de la lutte contre le virus, avec une chronologie d\u00e9taill\u00e9e, des faits et des chiffres. Les chiffres concernant le d\u00e9ploiement du personnel soignant, l\u2019expansion des capacit\u00e9s, la production de mat\u00e9riel, l\u2019assistance aux pays \u00e9trangers sont stup\u00e9fiants. Un journaliste du New York Times qui a \u00e9t\u00e9 couronn\u00e9 du prix Pulitzer r\u00e9sume ainsi la situation : \u00ab\u2009La Chine a achet\u00e9 du temps pour l\u2019Occident. L\u2019Occident l\u2019a gaspill\u00e9.\u00bb La fronti\u00e8re entre la suspicion et la critique constructive semble \u00eatre tr\u00e8s mince.<\/p>\n<h2>La pand\u00e9mie comme portail<\/h2>\n<p>\u00c0 chaque nouveau d\u00e9c\u00e8s, la pand\u00e9mie renforce encore la n\u00e9cessit\u00e9 d\u2019abandonner le capitalisme. Le trio constitu\u00e9 par la soif de profit, la privatisation et les \u00e9conomies nous m\u00e8ne tout droit au pr\u00e9cipice. On dit souvent qu\u2019il est plus facile d\u2019imaginer la fin du monde que la fin du capitalisme. Nous pouvons maintenant inverser cette id\u00e9e si nous consid\u00e9rons le r\u00e9sultat du r\u00e9chauffement climatique, de la pand\u00e9mie et de la crise \u00e9conomique et sociale. Mais le capitalisme ne fermera pas boutique de lui-m\u00eame. Revenons au d\u00e9bat entre Badiou et \u017di\u017eek : la pand\u00e9mie n\u2019est ni un coup fatal ni un \u00e9v\u00e9nement politiquement neutre. La crise du coronavirus doit nous inspirer pour adopter de nouvelles id\u00e9es, pour nous mobiliser afin d\u2019orienter la soci\u00e9t\u00e9 dans une autre direction. Comme le dit de mani\u00e8re imag\u00e9e l\u2019\u00e9crivaine indienne Arundhati Roy :<\/p>\n<p style=\"padding-left: 40px;\">\u00ab\u2009Que la pand\u00e9mie soit un portail ! Au cours de l\u2019histoire, les pand\u00e9mies ont forc\u00e9 les humains \u00e0 rompre avec le pass\u00e9 et \u00e0 r\u00e9inventer leur univers. En cela, la pand\u00e9mie actuelle n\u2019est pas diff\u00e9rente des pr\u00e9c\u00e9dentes. C\u2019est un portail entre le monde d\u2019hier et le prochain.Nous pouvons choisir d\u2019en franchir le seuil en tra\u00eenant derri\u00e8re nous les d\u00e9pouilles de nos pr\u00e9jug\u00e9s et de notre haine, notre cupidit\u00e9, nos banques de donn\u00e9es et nos id\u00e9es d\u00e9funtes, nos rivi\u00e8res mortes et nos ciels enfum\u00e9s. Ou nous pouvons l\u2019enjamber d\u2019un pas l\u00e9ger, avec un bagage minimal, pr\u00eats \u00e0 imaginer un autre monde. Et pr\u00eats \u00e0 se battre pour lui.\u00bb<\/p>\n","protected":false},"excerpt":{"rendered":"<p>La pand\u00e9mie n\u2019est ni un coup fatal ni un \u00e9v\u00e9nement politiquement neutre. Mais si nous nous battons pour cela, elle pourrait devenir un portail vers un monde meilleur.<\/p>\n","protected":false},"author":16,"featured_media":24033,"comment_status":"closed","ping_status":"open","sticky":false,"template":"","format":"standard","meta":{"_acf_changed":false,"footnotes":""},"categories":[752,17],"tags":[],"class_list":["post-30551","post","type-post","status-publish","format-standard","has-post-thumbnail","hentry","category-annonce","category-articles-fr","issues-numero-13"],"acf":[],"aioseo_notices":[],"aioseo_head":"\n\t\t<!-- All in One SEO 5.0.1.1 - aioseo.com -->\n\t<meta name=\"description\" content=\"La pand\u00e9mie n\u2019est ni un coup fatal ni un \u00e9v\u00e9nement politiquement neutre. Mais si nous nous battons pour cela, elle pourrait devenir un portail vers un monde meilleur.\" \/>\n\t<meta name=\"robots\" content=\"max-image-preview:large\" \/>\n\t<meta name=\"author\" content=\"Ruben Ramboer\"\/>\n\t<meta name=\"google-site-verification\" content=\"M91YhmyZU9gzTRUuTNiNii1YDMlCdjob5YRHRK47qsw\" \/>\n\t<link rel=\"canonical\" href=\"https:\/\/lavamedia.be\/fr\/editorial-lava-13\/\" \/>\n\t<meta name=\"generator\" content=\"All in One SEO (AIOSEO) 5.0.1.1\" \/>\n\t\t<meta property=\"og:locale\" content=\"fr_FR\" \/>\n\t\t<meta property=\"og:site_name\" content=\"Lava Media\" \/>\n\t\t<meta property=\"og:type\" content=\"article\" \/>\n\t\t<meta property=\"og:title\" content=\"\u00c9ditorial Lava 13 | Lava\" \/>\n\t\t<meta property=\"og:description\" content=\"La pand\u00e9mie n\u2019est ni un coup fatal ni un \u00e9v\u00e9nement politiquement neutre. Mais si nous nous battons pour cela, elle pourrait devenir un portail vers un monde meilleur.\" \/>\n\t\t<meta property=\"og:url\" content=\"https:\/\/lavamedia.be\/fr\/editorial-lava-13\/\" \/>\n\t\t<meta property=\"fb:app_id\" content=\"846358645511450\" \/>\n\t\t<meta property=\"og:image\" content=\"https:\/\/lavamedia.be-content\/themes\/lava\/images\/lava-fb.png\" \/>\n\t\t<meta property=\"og:image:secure_url\" content=\"https:\/\/lavamedia.be-content\/themes\/lava\/images\/lava-fb.png\" \/>\n\t\t<meta property=\"article:published_time\" content=\"2020-06-23T06:00:41+00:00\" \/>\n\t\t<meta property=\"article:modified_time\" content=\"2020-10-20T10:24:07+00:00\" \/>\n\t\t<meta name=\"twitter:card\" content=\"summary\" \/>\n\t\t<meta name=\"twitter:title\" content=\"\u00c9ditorial Lava 13 | Lava\" \/>\n\t\t<meta name=\"twitter:description\" content=\"La pand\u00e9mie n\u2019est ni un coup fatal ni un \u00e9v\u00e9nement politiquement neutre. Mais si nous nous battons pour cela, elle pourrait devenir un portail vers un monde meilleur.\" \/>\n\t\t<meta name=\"twitter:image\" content=\"https:\/\/lavamedia.be\/wp-content\/uploads\/2019\/12\/Lava1.png\" \/>\n\t\t<script type=\"application\/ld+json\" class=\"aioseo-schema\">\n\t\t\t{\"@context\":\"https:\\\/\\\/schema.org\",\"@graph\":[{\"@type\":\"Article\",\"@id\":\"https:\\\/\\\/lavamedia.be\\\/fr\\\/editorial-lava-13\\\/#article\",\"name\":\"\\u00c9ditorial Lava 13 | Lava\",\"headline\":\"\\u00c9ditorial Lava 13\",\"author\":{\"@id\":\"https:\\\/\\\/lavamedia.be\\\/fr\\\/author\\\/ruben-ramboer\\\/#author\"},\"publisher\":{\"@id\":\"https:\\\/\\\/lavamedia.be\\\/fr\\\/#organization\"},\"image\":{\"@type\":\"ImageObject\",\"url\":\"https:\\\/\\\/lavamedia.be\\\/wp-content\\\/uploads\\\/2019\\\/12\\\/Lava1.png\",\"width\":1367,\"height\":967},\"datePublished\":\"2020-06-23T08:00:41+02:00\",\"dateModified\":\"2020-10-20T12:24:07+02:00\",\"inLanguage\":\"fr-FR\",\"mainEntityOfPage\":{\"@id\":\"https:\\\/\\\/lavamedia.be\\\/fr\\\/editorial-lava-13\\\/#webpage\"},\"isPartOf\":{\"@id\":\"https:\\\/\\\/lavamedia.be\\\/fr\\\/editorial-lava-13\\\/#webpage\"},\"articleSection\":\"Annonce, Articles, Num\\u00e9ro 13, Facultatif\"},{\"@type\":\"BreadcrumbList\",\"@id\":\"https:\\\/\\\/lavamedia.be\\\/fr\\\/editorial-lava-13\\\/#breadcrumblist\",\"itemListElement\":[{\"@type\":\"ListItem\",\"@id\":\"https:\\\/\\\/lavamedia.be\\\/fr\\\/#listItem\",\"position\":1,\"name\":\"Home\",\"item\":\"https:\\\/\\\/lavamedia.be\\\/fr\\\/\",\"nextItem\":{\"@type\":\"ListItem\",\"@id\":\"https:\\\/\\\/lavamedia.be\\\/fr\\\/category\\\/articles-fr\\\/#listItem\",\"name\":\"Articles\"}},{\"@type\":\"ListItem\",\"@id\":\"https:\\\/\\\/lavamedia.be\\\/fr\\\/category\\\/articles-fr\\\/#listItem\",\"position\":2,\"name\":\"Articles\",\"item\":\"https:\\\/\\\/lavamedia.be\\\/fr\\\/category\\\/articles-fr\\\/\",\"nextItem\":{\"@type\":\"ListItem\",\"@id\":\"https:\\\/\\\/lavamedia.be\\\/fr\\\/category\\\/articles-fr\\\/annonce\\\/#listItem\",\"name\":\"Annonce\"},\"previousItem\":{\"@type\":\"ListItem\",\"@id\":\"https:\\\/\\\/lavamedia.be\\\/fr\\\/#listItem\",\"name\":\"Home\"}},{\"@type\":\"ListItem\",\"@id\":\"https:\\\/\\\/lavamedia.be\\\/fr\\\/category\\\/articles-fr\\\/annonce\\\/#listItem\",\"position\":3,\"name\":\"Annonce\",\"item\":\"https:\\\/\\\/lavamedia.be\\\/fr\\\/category\\\/articles-fr\\\/annonce\\\/\",\"nextItem\":{\"@type\":\"ListItem\",\"@id\":\"https:\\\/\\\/lavamedia.be\\\/fr\\\/editorial-lava-13\\\/#listItem\",\"name\":\"\\u00c9ditorial Lava 13\"},\"previousItem\":{\"@type\":\"ListItem\",\"@id\":\"https:\\\/\\\/lavamedia.be\\\/fr\\\/category\\\/articles-fr\\\/#listItem\",\"name\":\"Articles\"}},{\"@type\":\"ListItem\",\"@id\":\"https:\\\/\\\/lavamedia.be\\\/fr\\\/editorial-lava-13\\\/#listItem\",\"position\":4,\"name\":\"\\u00c9ditorial Lava 13\",\"previousItem\":{\"@type\":\"ListItem\",\"@id\":\"https:\\\/\\\/lavamedia.be\\\/fr\\\/category\\\/articles-fr\\\/annonce\\\/#listItem\",\"name\":\"Annonce\"}}]},{\"@type\":\"Organization\",\"@id\":\"https:\\\/\\\/lavamedia.be\\\/fr\\\/#organization\",\"name\":\"Lava\",\"description\":\"Tijdschrift voor sociale kritiek en marxistische analyses.\",\"url\":\"https:\\\/\\\/lavamedia.be\\\/fr\\\/\"},{\"@type\":\"Person\",\"@id\":\"https:\\\/\\\/lavamedia.be\\\/fr\\\/author\\\/ruben-ramboer\\\/#author\",\"url\":\"https:\\\/\\\/lavamedia.be\\\/fr\\\/author\\\/ruben-ramboer\\\/\",\"name\":\"Ruben Ramboer\",\"image\":{\"@type\":\"ImageObject\",\"@id\":\"https:\\\/\\\/lavamedia.be\\\/fr\\\/editorial-lava-13\\\/#authorImage\",\"url\":\"https:\\\/\\\/lavamedia.be\\\/wp-content\\\/uploads\\\/2017\\\/04\\\/Ramboer-_-Ruben-QLthbruCbw1web1-100x100.png\",\"width\":96,\"height\":96,\"caption\":\"Ruben Ramboer\"}},{\"@type\":\"WebPage\",\"@id\":\"https:\\\/\\\/lavamedia.be\\\/fr\\\/editorial-lava-13\\\/#webpage\",\"url\":\"https:\\\/\\\/lavamedia.be\\\/fr\\\/editorial-lava-13\\\/\",\"name\":\"\\u00c9ditorial Lava 13 | Lava\",\"description\":\"La pand\\u00e9mie n\\u2019est ni un coup fatal ni un \\u00e9v\\u00e9nement politiquement neutre. Mais si nous nous battons pour cela, elle pourrait devenir un portail vers un monde meilleur.\",\"inLanguage\":\"fr-FR\",\"isPartOf\":{\"@id\":\"https:\\\/\\\/lavamedia.be\\\/fr\\\/#website\"},\"breadcrumb\":{\"@id\":\"https:\\\/\\\/lavamedia.be\\\/fr\\\/editorial-lava-13\\\/#breadcrumblist\"},\"author\":{\"@id\":\"https:\\\/\\\/lavamedia.be\\\/fr\\\/author\\\/ruben-ramboer\\\/#author\"},\"creator\":{\"@id\":\"https:\\\/\\\/lavamedia.be\\\/fr\\\/author\\\/ruben-ramboer\\\/#author\"},\"image\":{\"@type\":\"ImageObject\",\"url\":\"https:\\\/\\\/lavamedia.be\\\/wp-content\\\/uploads\\\/2019\\\/12\\\/Lava1.png\",\"@id\":\"https:\\\/\\\/lavamedia.be\\\/fr\\\/editorial-lava-13\\\/#mainImage\",\"width\":1367,\"height\":967},\"primaryImageOfPage\":{\"@id\":\"https:\\\/\\\/lavamedia.be\\\/fr\\\/editorial-lava-13\\\/#mainImage\"},\"datePublished\":\"2020-06-23T08:00:41+02:00\",\"dateModified\":\"2020-10-20T12:24:07+02:00\"},{\"@type\":\"WebSite\",\"@id\":\"https:\\\/\\\/lavamedia.be\\\/fr\\\/#website\",\"url\":\"https:\\\/\\\/lavamedia.be\\\/fr\\\/\",\"name\":\"LAVA\",\"description\":\"Tijdschrift voor sociale kritiek en marxistische analyses.\",\"inLanguage\":\"fr-FR\",\"publisher\":{\"@id\":\"https:\\\/\\\/lavamedia.be\\\/fr\\\/#organization\"}}]}\n\t\t<\/script>\n\t\t<!-- All in One SEO -->\n\n","aioseo_head_json":{"title":"\u00c9ditorial Lava 13 | Lava","description":"La pand\u00e9mie n\u2019est ni un coup fatal ni un \u00e9v\u00e9nement politiquement neutre. Mais si nous nous battons pour cela, elle pourrait devenir un portail vers un monde meilleur.","canonical_url":"https:\/\/lavamedia.be\/fr\/editorial-lava-13\/","robots":"max-image-preview:large","keywords":"","webmasterTools":{"google-site-verification":"M91YhmyZU9gzTRUuTNiNii1YDMlCdjob5YRHRK47qsw","miscellaneous":""},"schema":{"@context":"https:\/\/schema.org","@graph":[{"@type":"Article","@id":"https:\/\/lavamedia.be\/fr\/editorial-lava-13\/#article","name":"\u00c9ditorial Lava 13 | Lava","headline":"\u00c9ditorial Lava 13","author":{"@id":"https:\/\/lavamedia.be\/fr\/author\/ruben-ramboer\/#author"},"publisher":{"@id":"https:\/\/lavamedia.be\/fr\/#organization"},"image":{"@type":"ImageObject","url":"https:\/\/lavamedia.be\/wp-content\/uploads\/2019\/12\/Lava1.png","width":1367,"height":967},"datePublished":"2020-06-23T08:00:41+02:00","dateModified":"2020-10-20T12:24:07+02:00","inLanguage":"fr-FR","mainEntityOfPage":{"@id":"https:\/\/lavamedia.be\/fr\/editorial-lava-13\/#webpage"},"isPartOf":{"@id":"https:\/\/lavamedia.be\/fr\/editorial-lava-13\/#webpage"},"articleSection":"Annonce, Articles, Num\u00e9ro 13, Facultatif"},{"@type":"BreadcrumbList","@id":"https:\/\/lavamedia.be\/fr\/editorial-lava-13\/#breadcrumblist","itemListElement":[{"@type":"ListItem","@id":"https:\/\/lavamedia.be\/fr\/#listItem","position":1,"name":"Home","item":"https:\/\/lavamedia.be\/fr\/","nextItem":{"@type":"ListItem","@id":"https:\/\/lavamedia.be\/fr\/category\/articles-fr\/#listItem","name":"Articles"}},{"@type":"ListItem","@id":"https:\/\/lavamedia.be\/fr\/category\/articles-fr\/#listItem","position":2,"name":"Articles","item":"https:\/\/lavamedia.be\/fr\/category\/articles-fr\/","nextItem":{"@type":"ListItem","@id":"https:\/\/lavamedia.be\/fr\/category\/articles-fr\/annonce\/#listItem","name":"Annonce"},"previousItem":{"@type":"ListItem","@id":"https:\/\/lavamedia.be\/fr\/#listItem","name":"Home"}},{"@type":"ListItem","@id":"https:\/\/lavamedia.be\/fr\/category\/articles-fr\/annonce\/#listItem","position":3,"name":"Annonce","item":"https:\/\/lavamedia.be\/fr\/category\/articles-fr\/annonce\/","nextItem":{"@type":"ListItem","@id":"https:\/\/lavamedia.be\/fr\/editorial-lava-13\/#listItem","name":"\u00c9ditorial Lava 13"},"previousItem":{"@type":"ListItem","@id":"https:\/\/lavamedia.be\/fr\/category\/articles-fr\/#listItem","name":"Articles"}},{"@type":"ListItem","@id":"https:\/\/lavamedia.be\/fr\/editorial-lava-13\/#listItem","position":4,"name":"\u00c9ditorial Lava 13","previousItem":{"@type":"ListItem","@id":"https:\/\/lavamedia.be\/fr\/category\/articles-fr\/annonce\/#listItem","name":"Annonce"}}]},{"@type":"Organization","@id":"https:\/\/lavamedia.be\/fr\/#organization","name":"Lava","description":"Tijdschrift voor sociale kritiek en marxistische analyses.","url":"https:\/\/lavamedia.be\/fr\/"},{"@type":"Person","@id":"https:\/\/lavamedia.be\/fr\/author\/ruben-ramboer\/#author","url":"https:\/\/lavamedia.be\/fr\/author\/ruben-ramboer\/","name":"Ruben Ramboer","image":{"@type":"ImageObject","@id":"https:\/\/lavamedia.be\/fr\/editorial-lava-13\/#authorImage","url":"https:\/\/lavamedia.be\/wp-content\/uploads\/2017\/04\/Ramboer-_-Ruben-QLthbruCbw1web1-100x100.png","width":96,"height":96,"caption":"Ruben Ramboer"}},{"@type":"WebPage","@id":"https:\/\/lavamedia.be\/fr\/editorial-lava-13\/#webpage","url":"https:\/\/lavamedia.be\/fr\/editorial-lava-13\/","name":"\u00c9ditorial Lava 13 | Lava","description":"La pand\u00e9mie n\u2019est ni un coup fatal ni un \u00e9v\u00e9nement politiquement neutre. Mais si nous nous battons pour cela, elle pourrait devenir un portail vers un monde meilleur.","inLanguage":"fr-FR","isPartOf":{"@id":"https:\/\/lavamedia.be\/fr\/#website"},"breadcrumb":{"@id":"https:\/\/lavamedia.be\/fr\/editorial-lava-13\/#breadcrumblist"},"author":{"@id":"https:\/\/lavamedia.be\/fr\/author\/ruben-ramboer\/#author"},"creator":{"@id":"https:\/\/lavamedia.be\/fr\/author\/ruben-ramboer\/#author"},"image":{"@type":"ImageObject","url":"https:\/\/lavamedia.be\/wp-content\/uploads\/2019\/12\/Lava1.png","@id":"https:\/\/lavamedia.be\/fr\/editorial-lava-13\/#mainImage","width":1367,"height":967},"primaryImageOfPage":{"@id":"https:\/\/lavamedia.be\/fr\/editorial-lava-13\/#mainImage"},"datePublished":"2020-06-23T08:00:41+02:00","dateModified":"2020-10-20T12:24:07+02:00"},{"@type":"WebSite","@id":"https:\/\/lavamedia.be\/fr\/#website","url":"https:\/\/lavamedia.be\/fr\/","name":"LAVA","description":"Tijdschrift voor sociale kritiek en marxistische analyses.","inLanguage":"fr-FR","publisher":{"@id":"https:\/\/lavamedia.be\/fr\/#organization"}}]},"og:locale":"fr_FR","og:site_name":"Lava Media","og:type":"article","og:title":"\u00c9ditorial Lava 13 | Lava","og:description":"La pand\u00e9mie n\u2019est ni un coup fatal ni un \u00e9v\u00e9nement politiquement neutre. Mais si nous nous battons pour cela, elle pourrait devenir un portail vers un monde meilleur.","og:url":"https:\/\/lavamedia.be\/fr\/editorial-lava-13\/","fb:app_id":"846358645511450","og:image":"https:\/\/lavamedia.be-content\/themes\/lava\/images\/lava-fb.png","og:image:secure_url":"https:\/\/lavamedia.be-content\/themes\/lava\/images\/lava-fb.png","article:published_time":"2020-06-23T06:00:41+00:00","article:modified_time":"2020-10-20T10:24:07+00:00","twitter:card":"summary","twitter:title":"\u00c9ditorial Lava 13 | Lava","twitter:description":"La pand\u00e9mie n\u2019est ni un coup fatal ni un \u00e9v\u00e9nement politiquement neutre. Mais si nous nous battons pour cela, elle pourrait devenir un portail vers un monde meilleur.","twitter:image":"https:\/\/lavamedia.be\/wp-content\/uploads\/2019\/12\/Lava1.png"},"aioseo_meta_data":{"post_id":"30551","title":null,"description":null,"keywords":null,"keyphrases":null,"primary_term":null,"canonical_url":null,"og_title":"","og_description":"","og_object_type":"article","og_image_type":"custom_image","og_image_url":null,"og_image_width":null,"og_image_height":null,"og_image_custom_url":"https:\/\/lavamedia.be-content\/themes\/lava\/images\/lava-fb.png","og_image_custom_fields":null,"og_video":"","og_custom_url":null,"og_article_section":"","og_article_tags":"","twitter_use_og":false,"twitter_card":"summary","twitter_image_type":"default","twitter_image_url":null,"twitter_image_custom_url":null,"twitter_image_custom_fields":null,"twitter_title":null,"twitter_description":null,"schema":{"blockGraphs":[],"customGraphs":[],"default":{"data":{"Article":[],"Course":[],"Dataset":[],"FAQPage":[],"Movie":[],"Person":[],"Product":[],"ProductReview":[],"Car":[],"Recipe":[],"Service":[],"SoftwareApplication":[],"WebPage":[]},"graphName":"","isEnabled":true},"graphs":[]},"schema_type":null,"schema_type_options":null,"pillar_content":false,"robots_default":true,"robots_noindex":false,"robots_noarchive":false,"robots_nosnippet":false,"robots_nofollow":false,"robots_noimageindex":false,"robots_noodp":false,"robots_notranslate":false,"robots_max_snippet":null,"robots_max_videopreview":null,"robots_max_imagepreview":"large","priority":null,"frequency":null,"local_seo":null,"breadcrumb_settings":null,"limit_modified_date":false,"ai":null,"created":"2020-12-27 11:06:54","updated":"2022-09-14 01:57:27","seo_analyzer_scan_date":null,"focus_keyword":null,"additional_keywords":null,"truseo_locale":null},"_links":{"self":[{"href":"https:\/\/lavamedia.be\/fr\/wp-json\/wp\/v2\/posts\/30551","targetHints":{"allow":["GET"]}}],"collection":[{"href":"https:\/\/lavamedia.be\/fr\/wp-json\/wp\/v2\/posts"}],"about":[{"href":"https:\/\/lavamedia.be\/fr\/wp-json\/wp\/v2\/types\/post"}],"author":[{"embeddable":true,"href":"https:\/\/lavamedia.be\/fr\/wp-json\/wp\/v2\/users\/16"}],"replies":[{"embeddable":true,"href":"https:\/\/lavamedia.be\/fr\/wp-json\/wp\/v2\/comments?post=30551"}],"version-history":[{"count":0,"href":"https:\/\/lavamedia.be\/fr\/wp-json\/wp\/v2\/posts\/30551\/revisions"}],"wp:featuredmedia":[{"embeddable":true,"href":"https:\/\/lavamedia.be\/fr\/wp-json\/wp\/v2\/media\/24033"}],"wp:attachment":[{"href":"https:\/\/lavamedia.be\/fr\/wp-json\/wp\/v2\/media?parent=30551"}],"wp:term":[{"taxonomy":"category","embeddable":true,"href":"https:\/\/lavamedia.be\/fr\/wp-json\/wp\/v2\/categories?post=30551"},{"taxonomy":"post_tag","embeddable":true,"href":"https:\/\/lavamedia.be\/fr\/wp-json\/wp\/v2\/tags?post=30551"}],"curies":[{"name":"wp","href":"https:\/\/api.w.org\/{rel}","templated":true}]}}